{"id":3262,"date":"2026-03-27T11:17:17","date_gmt":"2026-03-27T10:17:17","guid":{"rendered":"https:\/\/web.umons.ac.be\/semf\/?p=3262"},"modified":"2026-03-27T11:17:17","modified_gmt":"2026-03-27T10:17:17","slug":"dispositifs-en-faveur-de-la-reussite-des-etudiants-a-luniversite","status":"publish","type":"post","link":"https:\/\/web.umons.ac.be\/semf\/2026\/03\/27\/dispositifs-en-faveur-de-la-reussite-des-etudiants-a-luniversite\/","title":{"rendered":"Dispositifs en faveur de la r\u00e9ussite des \u00e9tudiants \u00e0 l&rsquo;universit\u00e9."},"content":{"rendered":"<p>Ce mardi 24 mars 2026, Cathy Perret, ing\u00e9nieure de recherche au sein de l\u2019IREDU (Institut de Recherche en \u00c9ducation) \u00e0 l\u2019Universit\u00e9 de Bourgogne-Europe (UBE) nous a pr\u00e9sent\u00e9 ses travaux portant sur la mani\u00e8re de cartographier diff\u00e9rents dispositifs en faveur de la r\u00e9ussite des \u00e9tudiants \u00e0 l&rsquo;universit\u00e9. Les dispositifs \u00e9valu\u00e9s sont issus des appels \u00e0 projets des fonds p\u00e9dagogiques universitaires NCU RITM-BFC financ\u00e9s par l&rsquo;Agence Nationale de la Recherche (ANR).<\/p>\n<p><img loading=\"lazy\" decoding=\"async\" class=\"alignnone size-full wp-image-3264\" src=\"https:\/\/web.umons.ac.be\/app\/uploads\/sites\/103\/2026\/03\/4827.jpg\" alt=\"\" width=\"2000\" height=\"1500\" srcset=\"https:\/\/web.umons.ac.be\/app\/uploads\/sites\/103\/2026\/03\/4827.jpg 2000w, https:\/\/web.umons.ac.be\/app\/uploads\/sites\/103\/2026\/03\/4827-300x225.jpg 300w, https:\/\/web.umons.ac.be\/app\/uploads\/sites\/103\/2026\/03\/4827-1024x768.jpg 1024w, https:\/\/web.umons.ac.be\/app\/uploads\/sites\/103\/2026\/03\/4827-768x576.jpg 768w, https:\/\/web.umons.ac.be\/app\/uploads\/sites\/103\/2026\/03\/4827-1536x1152.jpg 1536w, https:\/\/web.umons.ac.be\/app\/uploads\/sites\/103\/2026\/03\/4827-880x660.jpg 880w, https:\/\/web.umons.ac.be\/app\/uploads\/sites\/103\/2026\/03\/4827-30x23.jpg 30w, https:\/\/web.umons.ac.be\/app\/uploads\/sites\/103\/2026\/03\/4827-60x45.jpg 60w, https:\/\/web.umons.ac.be\/app\/uploads\/sites\/103\/2026\/03\/4827-360x270.jpg 360w\" sizes=\"auto, (max-width: 2000px) 100vw, 2000px\" \/><\/p>\n<p>Pour en savoir plus sur les travaux de Cathy Perret, allez sur : <a href=\"https:\/\/ube.hal.science\/search\/index?q=cathy+perret\">https:\/\/ube.hal.science\/search\/index?q=cathy+perret<\/a><\/p>\n","protected":false},"excerpt":{"rendered":"<p>Troisi\u00e8me et dernier s\u00e9minaire\u00a0organis\u00e9 par le Service des Sciences de l&rsquo;Enseignement et de la Formation avec la collaboration de Cathy Perret.\u00a0<\/p>\n","protected":false},"author":122,"featured_media":3263,"comment_status":"closed","ping_status":"closed","sticky":false,"template":"","format":"standard","meta":{"footnotes":""},"categories":[17],"tags":[],"class_list":["post-3262","post","type-post","status-publish","format-standard","has-post-thumbnail","hentry","category-enseignement"],"yoast_head":"<!-- This site is optimized with the Yoast SEO plugin v27.2 - https:\/\/yoast.com\/product\/yoast-seo-wordpress\/ -->\n<title>Dispositifs en faveur de la r\u00e9ussite des \u00e9tudiants \u00e0 l&#039;universit\u00e9. - Service \/ FPSE - Sciences de l&#039;Enseignement et de la Formation<\/title>\n<meta name=\"robots\" content=\"index, follow, max-snippet:-1, max-image-preview:large, max-video-preview:-1\" \/>\n<link rel=\"canonical\" href=\"https:\/\/web.umons.ac.be\/semf\/2026\/03\/27\/dispositifs-en-faveur-de-la-reussite-des-etudiants-a-luniversite\/\" \/>\n<meta property=\"og:locale\" content=\"fr_FR\" \/>\n<meta property=\"og:type\" content=\"article\" \/>\n<meta property=\"og:title\" content=\"Dispositifs en faveur de la r\u00e9ussite des \u00e9tudiants \u00e0 l&#039;universit\u00e9. - Service \/ FPSE - Sciences de l&#039;Enseignement et de la Formation\" \/>\n<meta property=\"og:description\" content=\"Troisi\u00e8me et dernier s\u00e9minaire\u00a0organis\u00e9 par le Service des Sciences de l&#039;Enseignement et de la Formation avec la collaboration de Cathy Perret.\u00a0\" \/>\n<meta property=\"og:url\" content=\"https:\/\/web.umons.ac.be\/semf\/2026\/03\/27\/dispositifs-en-faveur-de-la-reussite-des-etudiants-a-luniversite\/\" \/>\n<meta property=\"og:site_name\" content=\"Service \/ FPSE - Sciences de l&#039;Enseignement et de la Formation\" \/>\n<meta property=\"article:published_time\" content=\"2026-03-27T10:17:17+00:00\" \/>\n<meta property=\"og:image\" content=\"https:\/\/web.umons.ac.be\/app\/uploads\/sites\/103\/2026\/03\/4825.jpg\" \/>\n\t<meta property=\"og:image:width\" content=\"2000\" \/>\n\t<meta property=\"og:image:height\" content=\"1500\" \/>\n\t<meta property=\"og:image:type\" content=\"image\/jpeg\" \/>\n<meta name=\"author\" content=\"Anne Senecal\" \/>\n<meta name=\"twitter:card\" content=\"summary_large_image\" \/>\n<meta name=\"twitter:label1\" content=\"\u00c9crit par\" \/>\n\t<meta name=\"twitter:data1\" content=\"Anne Senecal\" \/>\n\t<meta name=\"twitter:label2\" content=\"Dur\u00e9e de lecture estim\u00e9e\" \/>\n\t<meta name=\"twitter:data2\" content=\"1 minute\" \/>\n<script type=\"application\/ld+json\" class=\"yoast-schema-graph\">{\"@context\":\"https:\/\/schema.org\",\"@graph\":[{\"@type\":\"Article\",\"@id\":\"https:\/\/web.umons.ac.be\/semf\/2026\/03\/27\/dispositifs-en-faveur-de-la-reussite-des-etudiants-a-luniversite\/#article\",\"isPartOf\":{\"@id\":\"https:\/\/web.umons.ac.be\/semf\/2026\/03\/27\/dispositifs-en-faveur-de-la-reussite-des-etudiants-a-luniversite\/\"},\"author\":{\"name\":\"Anne Senecal\",\"@id\":\"https:\/\/web.umons.ac.be\/semf\/#\/schema\/person\/fc66023c009ec7e0a56ac48c64c3308f\"},\"headline\":\"Dispositifs en faveur de la r\u00e9ussite des \u00e9tudiants \u00e0 l&rsquo;universit\u00e9.\",\"datePublished\":\"2026-03-27T10:17:17+00:00\",\"mainEntityOfPage\":{\"@id\":\"https:\/\/web.umons.ac.be\/semf\/2026\/03\/27\/dispositifs-en-faveur-de-la-reussite-des-etudiants-a-luniversite\/\"},\"wordCount\":108,\"publisher\":{\"@id\":\"https:\/\/web.umons.ac.be\/semf\/#organization\"},\"image\":{\"@id\":\"https:\/\/web.umons.ac.be\/semf\/2026\/03\/27\/dispositifs-en-faveur-de-la-reussite-des-etudiants-a-luniversite\/#primaryimage\"},\"thumbnailUrl\":\"https:\/\/web.umons.ac.be\/app\/uploads\/sites\/103\/2026\/03\/4825.jpg\",\"articleSection\":[\"Enseignement\"],\"inLanguage\":\"fr-FR\"},{\"@type\":\"WebPage\",\"@id\":\"https:\/\/web.umons.ac.be\/semf\/2026\/03\/27\/dispositifs-en-faveur-de-la-reussite-des-etudiants-a-luniversite\/\",\"url\":\"https:\/\/web.umons.ac.be\/semf\/2026\/03\/27\/dispositifs-en-faveur-de-la-reussite-des-etudiants-a-luniversite\/\",\"name\":\"Dispositifs en faveur de la r\u00e9ussite des \u00e9tudiants \u00e0 l'universit\u00e9. - Service \/ FPSE - Sciences de l&#039;Enseignement et de la Formation\",\"isPartOf\":{\"@id\":\"https:\/\/web.umons.ac.be\/semf\/#website\"},\"primaryImageOfPage\":{\"@id\":\"https:\/\/web.umons.ac.be\/semf\/2026\/03\/27\/dispositifs-en-faveur-de-la-reussite-des-etudiants-a-luniversite\/#primaryimage\"},\"image\":{\"@id\":\"https:\/\/web.umons.ac.be\/semf\/2026\/03\/27\/dispositifs-en-faveur-de-la-reussite-des-etudiants-a-luniversite\/#primaryimage\"},\"thumbnailUrl\":\"https:\/\/web.umons.ac.be\/app\/uploads\/sites\/103\/2026\/03\/4825.jpg\",\"datePublished\":\"2026-03-27T10:17:17+00:00\",\"breadcrumb\":{\"@id\":\"https:\/\/web.umons.ac.be\/semf\/2026\/03\/27\/dispositifs-en-faveur-de-la-reussite-des-etudiants-a-luniversite\/#breadcrumb\"},\"inLanguage\":\"fr-FR\",\"potentialAction\":[{\"@type\":\"ReadAction\",\"target\":[\"https:\/\/web.umons.ac.be\/semf\/2026\/03\/27\/dispositifs-en-faveur-de-la-reussite-des-etudiants-a-luniversite\/\"]}]},{\"@type\":\"ImageObject\",\"inLanguage\":\"fr-FR\",\"@id\":\"https:\/\/web.umons.ac.be\/semf\/2026\/03\/27\/dispositifs-en-faveur-de-la-reussite-des-etudiants-a-luniversite\/#primaryimage\",\"url\":\"https:\/\/web.umons.ac.be\/app\/uploads\/sites\/103\/2026\/03\/4825.jpg\",\"contentUrl\":\"https:\/\/web.umons.ac.be\/app\/uploads\/sites\/103\/2026\/03\/4825.jpg\",\"width\":2000,\"height\":1500},{\"@type\":\"BreadcrumbList\",\"@id\":\"https:\/\/web.umons.ac.be\/semf\/2026\/03\/27\/dispositifs-en-faveur-de-la-reussite-des-etudiants-a-luniversite\/#breadcrumb\",\"itemListElement\":[{\"@type\":\"ListItem\",\"position\":1,\"name\":\"Home\",\"item\":\"https:\/\/web.umons.ac.be\/semf\/\"},{\"@type\":\"ListItem\",\"position\":2,\"name\":\"Dispositifs en faveur de la r\u00e9ussite des \u00e9tudiants \u00e0 l&rsquo;universit\u00e9.\"}]},{\"@type\":\"WebSite\",\"@id\":\"https:\/\/web.umons.ac.be\/semf\/#website\",\"url\":\"https:\/\/web.umons.ac.be\/semf\/\",\"name\":\"Service \/ FPSE - M\u00e9thodologie et formation\",\"description\":\"\",\"publisher\":{\"@id\":\"https:\/\/web.umons.ac.be\/semf\/#organization\"},\"potentialAction\":[{\"@type\":\"SearchAction\",\"target\":{\"@type\":\"EntryPoint\",\"urlTemplate\":\"https:\/\/web.umons.ac.be\/semf\/?s={search_term_string}\"},\"query-input\":{\"@type\":\"PropertyValueSpecification\",\"valueRequired\":true,\"valueName\":\"search_term_string\"}}],\"inLanguage\":\"fr-FR\"},{\"@type\":\"Organization\",\"@id\":\"https:\/\/web.umons.ac.be\/semf\/#organization\",\"name\":\"Service \/ FPSE - M\u00e9thodologie et formation\",\"url\":\"https:\/\/web.umons.ac.be\/semf\/\",\"logo\":{\"@type\":\"ImageObject\",\"inLanguage\":\"fr-FR\",\"@id\":\"https:\/\/web.umons.ac.be\/semf\/#\/schema\/logo\/image\/\",\"url\":\"https:\/\/web.umons.ac.be\/app\/uploads\/sites\/103\/2021\/11\/LOGOP316_Benoit-VANSCHOEBEKE.svg\",\"contentUrl\":\"https:\/\/web.umons.ac.be\/app\/uploads\/sites\/103\/2021\/11\/LOGOP316_Benoit-VANSCHOEBEKE.svg\",\"width\":1,\"height\":1,\"caption\":\"Service \/ FPSE - M\u00e9thodologie et formation\"},\"image\":{\"@id\":\"https:\/\/web.umons.ac.be\/semf\/#\/schema\/logo\/image\/\"}},{\"@type\":\"Person\",\"@id\":\"https:\/\/web.umons.ac.be\/semf\/#\/schema\/person\/fc66023c009ec7e0a56ac48c64c3308f\",\"name\":\"Anne Senecal\",\"image\":{\"@type\":\"ImageObject\",\"inLanguage\":\"fr-FR\",\"@id\":\"https:\/\/secure.gravatar.com\/avatar\/f8cb2fee72dd926957939b5a98c78efc8cd4e751b381ab45ce15a5275acf1119?s=96&d=mm&r=g\",\"url\":\"https:\/\/secure.gravatar.com\/avatar\/f8cb2fee72dd926957939b5a98c78efc8cd4e751b381ab45ce15a5275acf1119?s=96&d=mm&r=g\",\"contentUrl\":\"https:\/\/secure.gravatar.com\/avatar\/f8cb2fee72dd926957939b5a98c78efc8cd4e751b381ab45ce15a5275acf1119?s=96&d=mm&r=g\",\"caption\":\"Anne Senecal\"},\"url\":\"https:\/\/web.umons.ac.be\/semf\/author\/asenecal\/\"}]}<\/script>\n<!-- \/ Yoast SEO plugin. -->","yoast_head_json":{"title":"Dispositifs en faveur de la r\u00e9ussite des \u00e9tudiants \u00e0 l'universit\u00e9. - Service \/ FPSE - Sciences de l&#039;Enseignement et de la Formation","robots":{"index":"index","follow":"follow","max-snippet":"max-snippet:-1","max-image-preview":"max-image-preview:large","max-video-preview":"max-video-preview:-1"},"canonical":"https:\/\/web.umons.ac.be\/semf\/2026\/03\/27\/dispositifs-en-faveur-de-la-reussite-des-etudiants-a-luniversite\/","og_locale":"fr_FR","og_type":"article","og_title":"Dispositifs en faveur de la r\u00e9ussite des \u00e9tudiants \u00e0 l'universit\u00e9. - Service \/ FPSE - Sciences de l&#039;Enseignement et de la Formation","og_description":"Troisi\u00e8me et dernier s\u00e9minaire\u00a0organis\u00e9 par le Service des Sciences de l'Enseignement et de la Formation avec la collaboration de Cathy Perret.\u00a0","og_url":"https:\/\/web.umons.ac.be\/semf\/2026\/03\/27\/dispositifs-en-faveur-de-la-reussite-des-etudiants-a-luniversite\/","og_site_name":"Service \/ FPSE - Sciences de l&#039;Enseignement et de la Formation","article_published_time":"2026-03-27T10:17:17+00:00","og_image":[{"width":2000,"height":1500,"url":"https:\/\/web.umons.ac.be\/app\/uploads\/sites\/103\/2026\/03\/4825.jpg","type":"image\/jpeg"}],"author":"Anne Senecal","twitter_card":"summary_large_image","twitter_misc":{"\u00c9crit par":"Anne Senecal","Dur\u00e9e de lecture estim\u00e9e":"1 minute"},"schema":{"@context":"https:\/\/schema.org","@graph":[{"@type":"Article","@id":"https:\/\/web.umons.ac.be\/semf\/2026\/03\/27\/dispositifs-en-faveur-de-la-reussite-des-etudiants-a-luniversite\/#article","isPartOf":{"@id":"https:\/\/web.umons.ac.be\/semf\/2026\/03\/27\/dispositifs-en-faveur-de-la-reussite-des-etudiants-a-luniversite\/"},"author":{"name":"Anne Senecal","@id":"https:\/\/web.umons.ac.be\/semf\/#\/schema\/person\/fc66023c009ec7e0a56ac48c64c3308f"},"headline":"Dispositifs en faveur de la r\u00e9ussite des \u00e9tudiants \u00e0 l&rsquo;universit\u00e9.","datePublished":"2026-03-27T10:17:17+00:00","mainEntityOfPage":{"@id":"https:\/\/web.umons.ac.be\/semf\/2026\/03\/27\/dispositifs-en-faveur-de-la-reussite-des-etudiants-a-luniversite\/"},"wordCount":108,"publisher":{"@id":"https:\/\/web.umons.ac.be\/semf\/#organization"},"image":{"@id":"https:\/\/web.umons.ac.be\/semf\/2026\/03\/27\/dispositifs-en-faveur-de-la-reussite-des-etudiants-a-luniversite\/#primaryimage"},"thumbnailUrl":"https:\/\/web.umons.ac.be\/app\/uploads\/sites\/103\/2026\/03\/4825.jpg","articleSection":["Enseignement"],"inLanguage":"fr-FR"},{"@type":"WebPage","@id":"https:\/\/web.umons.ac.be\/semf\/2026\/03\/27\/dispositifs-en-faveur-de-la-reussite-des-etudiants-a-luniversite\/","url":"https:\/\/web.umons.ac.be\/semf\/2026\/03\/27\/dispositifs-en-faveur-de-la-reussite-des-etudiants-a-luniversite\/","name":"Dispositifs en faveur de la r\u00e9ussite des \u00e9tudiants \u00e0 l'universit\u00e9. - Service \/ FPSE - Sciences de l&#039;Enseignement et de la Formation","isPartOf":{"@id":"https:\/\/web.umons.ac.be\/semf\/#website"},"primaryImageOfPage":{"@id":"https:\/\/web.umons.ac.be\/semf\/2026\/03\/27\/dispositifs-en-faveur-de-la-reussite-des-etudiants-a-luniversite\/#primaryimage"},"image":{"@id":"https:\/\/web.umons.ac.be\/semf\/2026\/03\/27\/dispositifs-en-faveur-de-la-reussite-des-etudiants-a-luniversite\/#primaryimage"},"thumbnailUrl":"https:\/\/web.umons.ac.be\/app\/uploads\/sites\/103\/2026\/03\/4825.jpg","datePublished":"2026-03-27T10:17:17+00:00","breadcrumb":{"@id":"https:\/\/web.umons.ac.be\/semf\/2026\/03\/27\/dispositifs-en-faveur-de-la-reussite-des-etudiants-a-luniversite\/#breadcrumb"},"inLanguage":"fr-FR","potentialAction":[{"@type":"ReadAction","target":["https:\/\/web.umons.ac.be\/semf\/2026\/03\/27\/dispositifs-en-faveur-de-la-reussite-des-etudiants-a-luniversite\/"]}]},{"@type":"ImageObject","inLanguage":"fr-FR","@id":"https:\/\/web.umons.ac.be\/semf\/2026\/03\/27\/dispositifs-en-faveur-de-la-reussite-des-etudiants-a-luniversite\/#primaryimage","url":"https:\/\/web.umons.ac.be\/app\/uploads\/sites\/103\/2026\/03\/4825.jpg","contentUrl":"https:\/\/web.umons.ac.be\/app\/uploads\/sites\/103\/2026\/03\/4825.jpg","width":2000,"height":1500},{"@type":"BreadcrumbList","@id":"https:\/\/web.umons.ac.be\/semf\/2026\/03\/27\/dispositifs-en-faveur-de-la-reussite-des-etudiants-a-luniversite\/#breadcrumb","itemListElement":[{"@type":"ListItem","position":1,"name":"Home","item":"https:\/\/web.umons.ac.be\/semf\/"},{"@type":"ListItem","position":2,"name":"Dispositifs en faveur de la r\u00e9ussite des \u00e9tudiants \u00e0 l&rsquo;universit\u00e9."}]},{"@type":"WebSite","@id":"https:\/\/web.umons.ac.be\/semf\/#website","url":"https:\/\/web.umons.ac.be\/semf\/","name":"Service \/ FPSE - M\u00e9thodologie et formation","description":"","publisher":{"@id":"https:\/\/web.umons.ac.be\/semf\/#organization"},"potentialAction":[{"@type":"SearchAction","target":{"@type":"EntryPoint","urlTemplate":"https:\/\/web.umons.ac.be\/semf\/?s={search_term_string}"},"query-input":{"@type":"PropertyValueSpecification","valueRequired":true,"valueName":"search_term_string"}}],"inLanguage":"fr-FR"},{"@type":"Organization","@id":"https:\/\/web.umons.ac.be\/semf\/#organization","name":"Service \/ FPSE - M\u00e9thodologie et formation","url":"https:\/\/web.umons.ac.be\/semf\/","logo":{"@type":"ImageObject","inLanguage":"fr-FR","@id":"https:\/\/web.umons.ac.be\/semf\/#\/schema\/logo\/image\/","url":"https:\/\/web.umons.ac.be\/app\/uploads\/sites\/103\/2021\/11\/LOGOP316_Benoit-VANSCHOEBEKE.svg","contentUrl":"https:\/\/web.umons.ac.be\/app\/uploads\/sites\/103\/2021\/11\/LOGOP316_Benoit-VANSCHOEBEKE.svg","width":1,"height":1,"caption":"Service \/ FPSE - M\u00e9thodologie et formation"},"image":{"@id":"https:\/\/web.umons.ac.be\/semf\/#\/schema\/logo\/image\/"}},{"@type":"Person","@id":"https:\/\/web.umons.ac.be\/semf\/#\/schema\/person\/fc66023c009ec7e0a56ac48c64c3308f","name":"Anne Senecal","image":{"@type":"ImageObject","inLanguage":"fr-FR","@id":"https:\/\/secure.gravatar.com\/avatar\/f8cb2fee72dd926957939b5a98c78efc8cd4e751b381ab45ce15a5275acf1119?s=96&d=mm&r=g","url":"https:\/\/secure.gravatar.com\/avatar\/f8cb2fee72dd926957939b5a98c78efc8cd4e751b381ab45ce15a5275acf1119?s=96&d=mm&r=g","contentUrl":"https:\/\/secure.gravatar.com\/avatar\/f8cb2fee72dd926957939b5a98c78efc8cd4e751b381ab45ce15a5275acf1119?s=96&d=mm&r=g","caption":"Anne Senecal"},"url":"https:\/\/web.umons.ac.be\/semf\/author\/asenecal\/"}]}},"lang":"fr","translations":{"fr":3262},"pll_sync_post":[],"_links":{"self":[{"href":"https:\/\/web.umons.ac.be\/semf\/wp-json\/wp\/v2\/posts\/3262","targetHints":{"allow":["GET"]}}],"collection":[{"href":"https:\/\/web.umons.ac.be\/semf\/wp-json\/wp\/v2\/posts"}],"about":[{"href":"https:\/\/web.umons.ac.be\/semf\/wp-json\/wp\/v2\/types\/post"}],"author":[{"embeddable":true,"href":"https:\/\/web.umons.ac.be\/semf\/wp-json\/wp\/v2\/users\/122"}],"replies":[{"embeddable":true,"href":"https:\/\/web.umons.ac.be\/semf\/wp-json\/wp\/v2\/comments?post=3262"}],"version-history":[{"count":2,"href":"https:\/\/web.umons.ac.be\/semf\/wp-json\/wp\/v2\/posts\/3262\/revisions"}],"predecessor-version":[{"id":3266,"href":"https:\/\/web.umons.ac.be\/semf\/wp-json\/wp\/v2\/posts\/3262\/revisions\/3266"}],"wp:featuredmedia":[{"embeddable":true,"href":"https:\/\/web.umons.ac.be\/semf\/wp-json\/wp\/v2\/media\/3263"}],"wp:attachment":[{"href":"https:\/\/web.umons.ac.be\/semf\/wp-json\/wp\/v2\/media?parent=3262"}],"wp:term":[{"taxonomy":"category","embeddable":true,"href":"https:\/\/web.umons.ac.be\/semf\/wp-json\/wp\/v2\/categories?post=3262"},{"taxonomy":"post_tag","embeddable":true,"href":"https:\/\/web.umons.ac.be\/semf\/wp-json\/wp\/v2\/tags?post=3262"}],"curies":[{"name":"wp","href":"https:\/\/api.w.org\/{rel}","templated":true}]}}