{"id":3267,"date":"2026-03-27T14:25:29","date_gmt":"2026-03-27T13:25:29","guid":{"rendered":"https:\/\/web.umons.ac.be\/semf\/?p=3267"},"modified":"2026-03-27T14:26:27","modified_gmt":"2026-03-27T13:26:27","slug":"attirer-former-et-retenir-des-enseignants-qualifies-et-motives-entre-la-theorie-et-la-pratique","status":"publish","type":"post","link":"https:\/\/web.umons.ac.be\/semf\/2026\/03\/27\/attirer-former-et-retenir-des-enseignants-qualifies-et-motives-entre-la-theorie-et-la-pratique\/","title":{"rendered":"Attirer, former et retenir des enseignants qualifi\u00e9s et motiv\u00e9s: entre la th\u00e9orie et la pratique."},"content":{"rendered":"<p><span class=\"yt-core-attributed-string--link-inherit-color\" dir=\"auto\">Cette br\u00e8ve intervention (16\u2019), intitul\u00e9e \u00ab Attirer, former et retenir des enseignants qualifi\u00e9s et motiv\u00e9s: entre la th\u00e9orie et la pratique \u00bb, tente de r\u00e9pondre \u00e0 la triple exigence qu\u2019avait d\u00e9j\u00e0 pos\u00e9e l\u2019OCDE il y a plus de 20 ans face \u00e0 la p\u00e9nurie de recrutement d\u2019enseignants et aborde sans complaisance l\u2019\u00e9cart entre ce que la recherche met en \u00e9vidence et ce qui se joue actuellement en Belgique francophone.<\/span><\/p>\n<p><iframe loading=\"lazy\" title=\"Attirer, former et retenir des enseignants qualifi\u00e9s et motiv\u00e9s: entre la th\u00e9orie et la pratique.\" width=\"500\" height=\"281\" src=\"https:\/\/www.youtube.com\/embed\/SUueW_ZQVzE?feature=oembed\" frameborder=\"0\" allow=\"accelerometer; autoplay; clipboard-write; encrypted-media; gyroscope; picture-in-picture; web-share\" referrerpolicy=\"strict-origin-when-cross-origin\" allowfullscreen><\/iframe><\/p>\n<p><span class=\"yt-core-attributed-string--link-inherit-color\" dir=\"auto\">Sur la formation initiale des enseignants: Lothaire, S., Demeuse, M. et Derobertmasure, A. (2022). Histoire de la formation initiale des enseignants en Belgique francophone. Courrier hebdomadaire du CRISP, 2564-2565(39), 5-78. <\/span><span class=\"yt-core-attributed-string--link-inherit-color\" dir=\"auto\"><a class=\"yt-core-attributed-string__link yt-core-attributed-string__link--call-to-action-color\" tabindex=\"0\" href=\"https:\/\/doi.org\/10.3917\/cris.2564.0005\" target=\"_blank\" rel=\"nofollow noopener\">https:\/\/doi.org\/10.3917\/cris.2564.0005<\/a><\/span><span class=\"yt-core-attributed-string--link-inherit-color\" dir=\"auto\">. <\/span><\/p>\n<p><span class=\"yt-core-attributed-string--link-inherit-color\" dir=\"auto\">Rapport de l\u2019OCDE: OCDE (2005). Politiques d\u2019\u00e9ducation et de formation. Le r\u00f4le crucial des enseignants. Attirer, former et retenir des enseignants de qualit\u00e9. Paris: Les \u00e9ditions de l\u2019OCDE. <a href=\"https:\/\/www.oecd.org\/content\/dam\/oecd\/fr\/publications\/reports\/2005\/06\/teachers-matter_g1gh5af3\/9789264018051-fr.pdf\" target=\"_blank\" rel=\"noopener\">Le r\u00f4le crucial des enseignants (FR)<\/a><\/span><\/p>\n<p><span class=\"yt-core-attributed-string--link-inherit-color\" dir=\"auto\">Sur la situation politique: Les C@f\u00e9s de l&rsquo;INAS &#8211; \u00e9pisode 41 \u00ab Que cache la DPC (2024-2029) en mati\u00e8re de statut des enseignants? \u00bb : <a href=\"https:\/\/www.youtube.com\/watch?v=K0T2CR-uBwg\" target=\"_blank\" rel=\"noopener\">https:\/\/www.youtube.com\/watch?v=K0T2CR-uBwg\u00a0<\/a><\/span><span class=\"yt-core-attributed-string--link-inherit-color\" dir=\"auto\">\u00a0(avec R\u00e9gis Dohogne)<\/span><\/p>\n","protected":false},"excerpt":{"rendered":"<p>Premi\u00e8re intervention de Marc Demeuse lors de la journ\u00e9e de r\u00e9flexion intitul\u00e9e \u00ab Parlons enseignement \u00bb organis\u00e9e par le Centre d\u2019\u00e9tudes Jacques Georgin (DEFI) dans l\u2019h\u00e9micycle du Parlement de la R\u00e9gion Bruxelles-Capitale (31 janvier 2026).<\/p>\n","protected":false},"author":122,"featured_media":3268,"comment_status":"closed","ping_status":"closed","sticky":false,"template":"","format":"standard","meta":{"footnotes":""},"categories":[17,47],"tags":[],"class_list":["post-3267","post","type-post","status-publish","format-standard","has-post-thumbnail","hentry","category-enseignement","category-recherche"],"yoast_head":"<!-- This site is optimized with the Yoast SEO plugin v27.2 - https:\/\/yoast.com\/product\/yoast-seo-wordpress\/ -->\n<title>Attirer, former et retenir des enseignants qualifi\u00e9s et motiv\u00e9s: entre la th\u00e9orie et la pratique. - Service \/ FPSE - Sciences de l&#039;Enseignement et de la Formation<\/title>\n<meta name=\"robots\" content=\"index, follow, max-snippet:-1, max-image-preview:large, max-video-preview:-1\" \/>\n<link rel=\"canonical\" href=\"https:\/\/web.umons.ac.be\/semf\/2026\/03\/27\/attirer-former-et-retenir-des-enseignants-qualifies-et-motives-entre-la-theorie-et-la-pratique\/\" \/>\n<meta property=\"og:locale\" content=\"fr_FR\" \/>\n<meta property=\"og:type\" content=\"article\" \/>\n<meta property=\"og:title\" content=\"Attirer, former et retenir des enseignants qualifi\u00e9s et motiv\u00e9s: entre la th\u00e9orie et la pratique. - Service \/ FPSE - Sciences de l&#039;Enseignement et de la Formation\" \/>\n<meta property=\"og:description\" content=\"Premi\u00e8re intervention de Marc Demeuse lors de la journ\u00e9e de r\u00e9flexion intitul\u00e9e \u00ab Parlons enseignement \u00bb organis\u00e9e par le Centre d\u2019\u00e9tudes Jacques Georgin (DEFI) dans l\u2019h\u00e9micycle du Parlement de la R\u00e9gion Bruxelles-Capitale (31 janvier 2026).\" \/>\n<meta property=\"og:url\" content=\"https:\/\/web.umons.ac.be\/semf\/2026\/03\/27\/attirer-former-et-retenir-des-enseignants-qualifies-et-motives-entre-la-theorie-et-la-pratique\/\" \/>\n<meta property=\"og:site_name\" content=\"Service \/ FPSE - Sciences de l&#039;Enseignement et de la Formation\" \/>\n<meta property=\"article:published_time\" content=\"2026-03-27T13:25:29+00:00\" \/>\n<meta property=\"article:modified_time\" content=\"2026-03-27T13:26:27+00:00\" \/>\n<meta property=\"og:image\" content=\"https:\/\/web.umons.ac.be\/app\/uploads\/sites\/103\/2026\/03\/Defi_Marc_2026.png\" \/>\n\t<meta property=\"og:image:width\" content=\"605\" \/>\n\t<meta property=\"og:image:height\" content=\"341\" \/>\n\t<meta property=\"og:image:type\" content=\"image\/png\" \/>\n<meta name=\"author\" content=\"Anne Senecal\" \/>\n<meta name=\"twitter:card\" content=\"summary_large_image\" \/>\n<meta name=\"twitter:label1\" content=\"\u00c9crit par\" \/>\n\t<meta name=\"twitter:data1\" content=\"Anne Senecal\" \/>\n\t<meta name=\"twitter:label2\" content=\"Dur\u00e9e de lecture estim\u00e9e\" \/>\n\t<meta name=\"twitter:data2\" content=\"2 minutes\" \/>\n<script type=\"application\/ld+json\" class=\"yoast-schema-graph\">{\"@context\":\"https:\/\/schema.org\",\"@graph\":[{\"@type\":\"Article\",\"@id\":\"https:\/\/web.umons.ac.be\/semf\/2026\/03\/27\/attirer-former-et-retenir-des-enseignants-qualifies-et-motives-entre-la-theorie-et-la-pratique\/#article\",\"isPartOf\":{\"@id\":\"https:\/\/web.umons.ac.be\/semf\/2026\/03\/27\/attirer-former-et-retenir-des-enseignants-qualifies-et-motives-entre-la-theorie-et-la-pratique\/\"},\"author\":{\"name\":\"Anne Senecal\",\"@id\":\"https:\/\/web.umons.ac.be\/semf\/#\/schema\/person\/fc66023c009ec7e0a56ac48c64c3308f\"},\"headline\":\"Attirer, former et retenir des enseignants qualifi\u00e9s et motiv\u00e9s: entre la th\u00e9orie et la pratique.\",\"datePublished\":\"2026-03-27T13:25:29+00:00\",\"dateModified\":\"2026-03-27T13:26:27+00:00\",\"mainEntityOfPage\":{\"@id\":\"https:\/\/web.umons.ac.be\/semf\/2026\/03\/27\/attirer-former-et-retenir-des-enseignants-qualifies-et-motives-entre-la-theorie-et-la-pratique\/\"},\"wordCount\":213,\"publisher\":{\"@id\":\"https:\/\/web.umons.ac.be\/semf\/#organization\"},\"image\":{\"@id\":\"https:\/\/web.umons.ac.be\/semf\/2026\/03\/27\/attirer-former-et-retenir-des-enseignants-qualifies-et-motives-entre-la-theorie-et-la-pratique\/#primaryimage\"},\"thumbnailUrl\":\"https:\/\/web.umons.ac.be\/app\/uploads\/sites\/103\/2026\/03\/Defi_Marc_2026.png\",\"articleSection\":[\"Enseignement\",\"Recherche\"],\"inLanguage\":\"fr-FR\"},{\"@type\":\"WebPage\",\"@id\":\"https:\/\/web.umons.ac.be\/semf\/2026\/03\/27\/attirer-former-et-retenir-des-enseignants-qualifies-et-motives-entre-la-theorie-et-la-pratique\/\",\"url\":\"https:\/\/web.umons.ac.be\/semf\/2026\/03\/27\/attirer-former-et-retenir-des-enseignants-qualifies-et-motives-entre-la-theorie-et-la-pratique\/\",\"name\":\"Attirer, former et retenir des enseignants qualifi\u00e9s et motiv\u00e9s: entre la th\u00e9orie et la pratique. - Service \/ FPSE - Sciences de l&#039;Enseignement et de la Formation\",\"isPartOf\":{\"@id\":\"https:\/\/web.umons.ac.be\/semf\/#website\"},\"primaryImageOfPage\":{\"@id\":\"https:\/\/web.umons.ac.be\/semf\/2026\/03\/27\/attirer-former-et-retenir-des-enseignants-qualifies-et-motives-entre-la-theorie-et-la-pratique\/#primaryimage\"},\"image\":{\"@id\":\"https:\/\/web.umons.ac.be\/semf\/2026\/03\/27\/attirer-former-et-retenir-des-enseignants-qualifies-et-motives-entre-la-theorie-et-la-pratique\/#primaryimage\"},\"thumbnailUrl\":\"https:\/\/web.umons.ac.be\/app\/uploads\/sites\/103\/2026\/03\/Defi_Marc_2026.png\",\"datePublished\":\"2026-03-27T13:25:29+00:00\",\"dateModified\":\"2026-03-27T13:26:27+00:00\",\"breadcrumb\":{\"@id\":\"https:\/\/web.umons.ac.be\/semf\/2026\/03\/27\/attirer-former-et-retenir-des-enseignants-qualifies-et-motives-entre-la-theorie-et-la-pratique\/#breadcrumb\"},\"inLanguage\":\"fr-FR\",\"potentialAction\":[{\"@type\":\"ReadAction\",\"target\":[\"https:\/\/web.umons.ac.be\/semf\/2026\/03\/27\/attirer-former-et-retenir-des-enseignants-qualifies-et-motives-entre-la-theorie-et-la-pratique\/\"]}]},{\"@type\":\"ImageObject\",\"inLanguage\":\"fr-FR\",\"@id\":\"https:\/\/web.umons.ac.be\/semf\/2026\/03\/27\/attirer-former-et-retenir-des-enseignants-qualifies-et-motives-entre-la-theorie-et-la-pratique\/#primaryimage\",\"url\":\"https:\/\/web.umons.ac.be\/app\/uploads\/sites\/103\/2026\/03\/Defi_Marc_2026.png\",\"contentUrl\":\"https:\/\/web.umons.ac.be\/app\/uploads\/sites\/103\/2026\/03\/Defi_Marc_2026.png\",\"width\":605,\"height\":341},{\"@type\":\"BreadcrumbList\",\"@id\":\"https:\/\/web.umons.ac.be\/semf\/2026\/03\/27\/attirer-former-et-retenir-des-enseignants-qualifies-et-motives-entre-la-theorie-et-la-pratique\/#breadcrumb\",\"itemListElement\":[{\"@type\":\"ListItem\",\"position\":1,\"name\":\"Home\",\"item\":\"https:\/\/web.umons.ac.be\/semf\/\"},{\"@type\":\"ListItem\",\"position\":2,\"name\":\"Attirer, former et retenir des enseignants qualifi\u00e9s et motiv\u00e9s: entre la th\u00e9orie et la pratique.\"}]},{\"@type\":\"WebSite\",\"@id\":\"https:\/\/web.umons.ac.be\/semf\/#website\",\"url\":\"https:\/\/web.umons.ac.be\/semf\/\",\"name\":\"Service \/ FPSE - M\u00e9thodologie et formation\",\"description\":\"\",\"publisher\":{\"@id\":\"https:\/\/web.umons.ac.be\/semf\/#organization\"},\"potentialAction\":[{\"@type\":\"SearchAction\",\"target\":{\"@type\":\"EntryPoint\",\"urlTemplate\":\"https:\/\/web.umons.ac.be\/semf\/?s={search_term_string}\"},\"query-input\":{\"@type\":\"PropertyValueSpecification\",\"valueRequired\":true,\"valueName\":\"search_term_string\"}}],\"inLanguage\":\"fr-FR\"},{\"@type\":\"Organization\",\"@id\":\"https:\/\/web.umons.ac.be\/semf\/#organization\",\"name\":\"Service \/ FPSE - M\u00e9thodologie et formation\",\"url\":\"https:\/\/web.umons.ac.be\/semf\/\",\"logo\":{\"@type\":\"ImageObject\",\"inLanguage\":\"fr-FR\",\"@id\":\"https:\/\/web.umons.ac.be\/semf\/#\/schema\/logo\/image\/\",\"url\":\"https:\/\/web.umons.ac.be\/app\/uploads\/sites\/103\/2021\/11\/LOGOP316_Benoit-VANSCHOEBEKE.svg\",\"contentUrl\":\"https:\/\/web.umons.ac.be\/app\/uploads\/sites\/103\/2021\/11\/LOGOP316_Benoit-VANSCHOEBEKE.svg\",\"width\":1,\"height\":1,\"caption\":\"Service \/ FPSE - M\u00e9thodologie et formation\"},\"image\":{\"@id\":\"https:\/\/web.umons.ac.be\/semf\/#\/schema\/logo\/image\/\"}},{\"@type\":\"Person\",\"@id\":\"https:\/\/web.umons.ac.be\/semf\/#\/schema\/person\/fc66023c009ec7e0a56ac48c64c3308f\",\"name\":\"Anne Senecal\",\"image\":{\"@type\":\"ImageObject\",\"inLanguage\":\"fr-FR\",\"@id\":\"https:\/\/secure.gravatar.com\/avatar\/f8cb2fee72dd926957939b5a98c78efc8cd4e751b381ab45ce15a5275acf1119?s=96&d=mm&r=g\",\"url\":\"https:\/\/secure.gravatar.com\/avatar\/f8cb2fee72dd926957939b5a98c78efc8cd4e751b381ab45ce15a5275acf1119?s=96&d=mm&r=g\",\"contentUrl\":\"https:\/\/secure.gravatar.com\/avatar\/f8cb2fee72dd926957939b5a98c78efc8cd4e751b381ab45ce15a5275acf1119?s=96&d=mm&r=g\",\"caption\":\"Anne Senecal\"},\"url\":\"https:\/\/web.umons.ac.be\/semf\/author\/asenecal\/\"}]}<\/script>\n<!-- \/ Yoast SEO plugin. -->","yoast_head_json":{"title":"Attirer, former et retenir des enseignants qualifi\u00e9s et motiv\u00e9s: entre la th\u00e9orie et la pratique. - Service \/ FPSE - Sciences de l&#039;Enseignement et de la Formation","robots":{"index":"index","follow":"follow","max-snippet":"max-snippet:-1","max-image-preview":"max-image-preview:large","max-video-preview":"max-video-preview:-1"},"canonical":"https:\/\/web.umons.ac.be\/semf\/2026\/03\/27\/attirer-former-et-retenir-des-enseignants-qualifies-et-motives-entre-la-theorie-et-la-pratique\/","og_locale":"fr_FR","og_type":"article","og_title":"Attirer, former et retenir des enseignants qualifi\u00e9s et motiv\u00e9s: entre la th\u00e9orie et la pratique. - Service \/ FPSE - Sciences de l&#039;Enseignement et de la Formation","og_description":"Premi\u00e8re intervention de Marc Demeuse lors de la journ\u00e9e de r\u00e9flexion intitul\u00e9e \u00ab Parlons enseignement \u00bb organis\u00e9e par le Centre d\u2019\u00e9tudes Jacques Georgin (DEFI) dans l\u2019h\u00e9micycle du Parlement de la R\u00e9gion Bruxelles-Capitale (31 janvier 2026).","og_url":"https:\/\/web.umons.ac.be\/semf\/2026\/03\/27\/attirer-former-et-retenir-des-enseignants-qualifies-et-motives-entre-la-theorie-et-la-pratique\/","og_site_name":"Service \/ FPSE - Sciences de l&#039;Enseignement et de la Formation","article_published_time":"2026-03-27T13:25:29+00:00","article_modified_time":"2026-03-27T13:26:27+00:00","og_image":[{"width":605,"height":341,"url":"https:\/\/web.umons.ac.be\/app\/uploads\/sites\/103\/2026\/03\/Defi_Marc_2026.png","type":"image\/png"}],"author":"Anne Senecal","twitter_card":"summary_large_image","twitter_misc":{"\u00c9crit par":"Anne Senecal","Dur\u00e9e de lecture estim\u00e9e":"2 minutes"},"schema":{"@context":"https:\/\/schema.org","@graph":[{"@type":"Article","@id":"https:\/\/web.umons.ac.be\/semf\/2026\/03\/27\/attirer-former-et-retenir-des-enseignants-qualifies-et-motives-entre-la-theorie-et-la-pratique\/#article","isPartOf":{"@id":"https:\/\/web.umons.ac.be\/semf\/2026\/03\/27\/attirer-former-et-retenir-des-enseignants-qualifies-et-motives-entre-la-theorie-et-la-pratique\/"},"author":{"name":"Anne Senecal","@id":"https:\/\/web.umons.ac.be\/semf\/#\/schema\/person\/fc66023c009ec7e0a56ac48c64c3308f"},"headline":"Attirer, former et retenir des enseignants qualifi\u00e9s et motiv\u00e9s: entre la th\u00e9orie et la pratique.","datePublished":"2026-03-27T13:25:29+00:00","dateModified":"2026-03-27T13:26:27+00:00","mainEntityOfPage":{"@id":"https:\/\/web.umons.ac.be\/semf\/2026\/03\/27\/attirer-former-et-retenir-des-enseignants-qualifies-et-motives-entre-la-theorie-et-la-pratique\/"},"wordCount":213,"publisher":{"@id":"https:\/\/web.umons.ac.be\/semf\/#organization"},"image":{"@id":"https:\/\/web.umons.ac.be\/semf\/2026\/03\/27\/attirer-former-et-retenir-des-enseignants-qualifies-et-motives-entre-la-theorie-et-la-pratique\/#primaryimage"},"thumbnailUrl":"https:\/\/web.umons.ac.be\/app\/uploads\/sites\/103\/2026\/03\/Defi_Marc_2026.png","articleSection":["Enseignement","Recherche"],"inLanguage":"fr-FR"},{"@type":"WebPage","@id":"https:\/\/web.umons.ac.be\/semf\/2026\/03\/27\/attirer-former-et-retenir-des-enseignants-qualifies-et-motives-entre-la-theorie-et-la-pratique\/","url":"https:\/\/web.umons.ac.be\/semf\/2026\/03\/27\/attirer-former-et-retenir-des-enseignants-qualifies-et-motives-entre-la-theorie-et-la-pratique\/","name":"Attirer, former et retenir des enseignants qualifi\u00e9s et motiv\u00e9s: entre la th\u00e9orie et la pratique. - Service \/ FPSE - Sciences de l&#039;Enseignement et de la Formation","isPartOf":{"@id":"https:\/\/web.umons.ac.be\/semf\/#website"},"primaryImageOfPage":{"@id":"https:\/\/web.umons.ac.be\/semf\/2026\/03\/27\/attirer-former-et-retenir-des-enseignants-qualifies-et-motives-entre-la-theorie-et-la-pratique\/#primaryimage"},"image":{"@id":"https:\/\/web.umons.ac.be\/semf\/2026\/03\/27\/attirer-former-et-retenir-des-enseignants-qualifies-et-motives-entre-la-theorie-et-la-pratique\/#primaryimage"},"thumbnailUrl":"https:\/\/web.umons.ac.be\/app\/uploads\/sites\/103\/2026\/03\/Defi_Marc_2026.png","datePublished":"2026-03-27T13:25:29+00:00","dateModified":"2026-03-27T13:26:27+00:00","breadcrumb":{"@id":"https:\/\/web.umons.ac.be\/semf\/2026\/03\/27\/attirer-former-et-retenir-des-enseignants-qualifies-et-motives-entre-la-theorie-et-la-pratique\/#breadcrumb"},"inLanguage":"fr-FR","potentialAction":[{"@type":"ReadAction","target":["https:\/\/web.umons.ac.be\/semf\/2026\/03\/27\/attirer-former-et-retenir-des-enseignants-qualifies-et-motives-entre-la-theorie-et-la-pratique\/"]}]},{"@type":"ImageObject","inLanguage":"fr-FR","@id":"https:\/\/web.umons.ac.be\/semf\/2026\/03\/27\/attirer-former-et-retenir-des-enseignants-qualifies-et-motives-entre-la-theorie-et-la-pratique\/#primaryimage","url":"https:\/\/web.umons.ac.be\/app\/uploads\/sites\/103\/2026\/03\/Defi_Marc_2026.png","contentUrl":"https:\/\/web.umons.ac.be\/app\/uploads\/sites\/103\/2026\/03\/Defi_Marc_2026.png","width":605,"height":341},{"@type":"BreadcrumbList","@id":"https:\/\/web.umons.ac.be\/semf\/2026\/03\/27\/attirer-former-et-retenir-des-enseignants-qualifies-et-motives-entre-la-theorie-et-la-pratique\/#breadcrumb","itemListElement":[{"@type":"ListItem","position":1,"name":"Home","item":"https:\/\/web.umons.ac.be\/semf\/"},{"@type":"ListItem","position":2,"name":"Attirer, former et retenir des enseignants qualifi\u00e9s et motiv\u00e9s: entre la th\u00e9orie et la pratique."}]},{"@type":"WebSite","@id":"https:\/\/web.umons.ac.be\/semf\/#website","url":"https:\/\/web.umons.ac.be\/semf\/","name":"Service \/ FPSE - M\u00e9thodologie et formation","description":"","publisher":{"@id":"https:\/\/web.umons.ac.be\/semf\/#organization"},"potentialAction":[{"@type":"SearchAction","target":{"@type":"EntryPoint","urlTemplate":"https:\/\/web.umons.ac.be\/semf\/?s={search_term_string}"},"query-input":{"@type":"PropertyValueSpecification","valueRequired":true,"valueName":"search_term_string"}}],"inLanguage":"fr-FR"},{"@type":"Organization","@id":"https:\/\/web.umons.ac.be\/semf\/#organization","name":"Service \/ FPSE - M\u00e9thodologie et formation","url":"https:\/\/web.umons.ac.be\/semf\/","logo":{"@type":"ImageObject","inLanguage":"fr-FR","@id":"https:\/\/web.umons.ac.be\/semf\/#\/schema\/logo\/image\/","url":"https:\/\/web.umons.ac.be\/app\/uploads\/sites\/103\/2021\/11\/LOGOP316_Benoit-VANSCHOEBEKE.svg","contentUrl":"https:\/\/web.umons.ac.be\/app\/uploads\/sites\/103\/2021\/11\/LOGOP316_Benoit-VANSCHOEBEKE.svg","width":1,"height":1,"caption":"Service \/ FPSE - M\u00e9thodologie et formation"},"image":{"@id":"https:\/\/web.umons.ac.be\/semf\/#\/schema\/logo\/image\/"}},{"@type":"Person","@id":"https:\/\/web.umons.ac.be\/semf\/#\/schema\/person\/fc66023c009ec7e0a56ac48c64c3308f","name":"Anne Senecal","image":{"@type":"ImageObject","inLanguage":"fr-FR","@id":"https:\/\/secure.gravatar.com\/avatar\/f8cb2fee72dd926957939b5a98c78efc8cd4e751b381ab45ce15a5275acf1119?s=96&d=mm&r=g","url":"https:\/\/secure.gravatar.com\/avatar\/f8cb2fee72dd926957939b5a98c78efc8cd4e751b381ab45ce15a5275acf1119?s=96&d=mm&r=g","contentUrl":"https:\/\/secure.gravatar.com\/avatar\/f8cb2fee72dd926957939b5a98c78efc8cd4e751b381ab45ce15a5275acf1119?s=96&d=mm&r=g","caption":"Anne Senecal"},"url":"https:\/\/web.umons.ac.be\/semf\/author\/asenecal\/"}]}},"lang":"fr","translations":{"fr":3267},"pll_sync_post":[],"_links":{"self":[{"href":"https:\/\/web.umons.ac.be\/semf\/wp-json\/wp\/v2\/posts\/3267","targetHints":{"allow":["GET"]}}],"collection":[{"href":"https:\/\/web.umons.ac.be\/semf\/wp-json\/wp\/v2\/posts"}],"about":[{"href":"https:\/\/web.umons.ac.be\/semf\/wp-json\/wp\/v2\/types\/post"}],"author":[{"embeddable":true,"href":"https:\/\/web.umons.ac.be\/semf\/wp-json\/wp\/v2\/users\/122"}],"replies":[{"embeddable":true,"href":"https:\/\/web.umons.ac.be\/semf\/wp-json\/wp\/v2\/comments?post=3267"}],"version-history":[{"count":3,"href":"https:\/\/web.umons.ac.be\/semf\/wp-json\/wp\/v2\/posts\/3267\/revisions"}],"predecessor-version":[{"id":3272,"href":"https:\/\/web.umons.ac.be\/semf\/wp-json\/wp\/v2\/posts\/3267\/revisions\/3272"}],"wp:featuredmedia":[{"embeddable":true,"href":"https:\/\/web.umons.ac.be\/semf\/wp-json\/wp\/v2\/media\/3268"}],"wp:attachment":[{"href":"https:\/\/web.umons.ac.be\/semf\/wp-json\/wp\/v2\/media?parent=3267"}],"wp:term":[{"taxonomy":"category","embeddable":true,"href":"https:\/\/web.umons.ac.be\/semf\/wp-json\/wp\/v2\/categories?post=3267"},{"taxonomy":"post_tag","embeddable":true,"href":"https:\/\/web.umons.ac.be\/semf\/wp-json\/wp\/v2\/tags?post=3267"}],"curies":[{"name":"wp","href":"https:\/\/api.w.org\/{rel}","templated":true}]}}