{"id":3282,"date":"2026-04-01T16:33:37","date_gmt":"2026-04-01T14:33:37","guid":{"rendered":"https:\/\/web.umons.ac.be\/semf\/?p=3282"},"modified":"2026-04-01T16:33:37","modified_gmt":"2026-04-01T14:33:37","slug":"climat-scolaire-et-bien-etre-dans-lenseignement-obligatoire-cfe-71","status":"publish","type":"post","link":"https:\/\/web.umons.ac.be\/semf\/2026\/04\/01\/climat-scolaire-et-bien-etre-dans-lenseignement-obligatoire-cfe-71\/","title":{"rendered":"Climat scolaire et bien-\u00eatre dans l\u2019enseignement obligatoire. C@f\u00e9 71."},"content":{"rendered":"<p><span class=\"yt-core-attributed-string--link-inherit-color\" dir=\"auto\">Marc Demeuse (UMONS) et son invit\u00e9e nous parle de climat scolaire et de bien-\u00eatre dans l\u2019enseignement obligatoire en Belgique francophone. Ariane Baye aborde la mani\u00e8re dont cet objectif, assign\u00e9 au syst\u00e8me \u00e9ducatif dans le cadre du Pacte pour un enseignement d\u2019excellence (OASE n\u00b07), a \u00e9t\u00e9 d\u00e9fini, notamment \u00e0 travers un travail de synth\u00e8se qu\u2019elle a r\u00e9alis\u00e9 \u00e0 la demande de la F\u00e9d\u00e9ration Wallonie-Bruxelles et de son Observatoire du climat scolaire. Ariane poursuit en pr\u00e9sentant ses travaux d\u2019op\u00e9rationnalisation de ce concept \u00e0 travers l\u2019\u00e9valuation du climat scolaire et du bien-\u00eatre, avec ses coll\u00e8gues de l\u2019UCLouvain, dans les \u00e9coles. Le C@f\u00e9 permet \u00e9galement de d\u00e9velopper ses travaux visant l\u2019am\u00e9lioration du climat scolaire, en particulier les exp\u00e9rimentations men\u00e9es dans une perspective d\u2019Evidence-based Education et des programmes de soutien aux comportements positifs.<\/span><\/p>\n<p><iframe loading=\"lazy\" title=\"Les caf\u00e9s de l&#039;INAS - \u00e9pisode 71 Climat scolaire et bien-\u00eatre dans l\u2019enseignement obligatoire\" width=\"500\" height=\"281\" src=\"https:\/\/www.youtube.com\/embed\/D0FAxhWN-zM?feature=oembed\" frameborder=\"0\" allow=\"accelerometer; autoplay; clipboard-write; encrypted-media; gyroscope; picture-in-picture; web-share\" referrerpolicy=\"strict-origin-when-cross-origin\" allowfullscreen><\/iframe><\/p>\n<h5><span class=\"yt-core-attributed-string--link-inherit-color\" dir=\"auto\">Pour aller plus loin<\/span><\/h5>\n<h6><span class=\"yt-core-attributed-string--link-inherit-color\" dir=\"auto\">Sites<\/span><\/h6>\n<ul>\n<li><a href=\"http:\/\/enseignement.be\/index.php?page=28698&amp;navi=900\" target=\"_blank\" rel=\"noopener\"><span dir=\"auto\">http:\/\/enseignement.be\/index.php?page=28698&amp;navi=900 <\/span><\/a><span class=\"yt-core-attributed-string--link-inherit-color\" dir=\"auto\" style=\"font-size: 14px;\">(Observatoire du climat scolaire)<\/span><\/li>\n<li><span class=\"yt-core-attributed-string--link-inherit-color\" dir=\"auto\" style=\"font-size: 14px;\"><a class=\"yt-core-attributed-string__link yt-core-attributed-string__link--call-to-action-color\" tabindex=\"0\" href=\"https:\/\/www.aide.uliege.be\/\" target=\"_blank\" rel=\"nofollow noopener\">https:\/\/www.aide.uliege.be\/<\/a><\/span><span class=\"yt-core-attributed-string--link-inherit-color\" dir=\"auto\" style=\"font-size: 14px;\"> (site de Ariane Baye)<\/span><\/li>\n<li><a href=\"https:\/\/www.mtss-k.eu\/\" target=\"_blank\" rel=\"noopener\"><span class=\"yt-core-attributed-string--link-inherit-color\" dir=\"auto\" style=\"font-size: 14px;\">https:\/\/www.mtss-k.eu\/<\/span><\/a><span class=\"yt-core-attributed-string--link-inherit-color\" dir=\"auto\" style=\"font-size: 14px;\"> (site projet Syst\u00e8me de soutien \u00e0 paliers multiples en 3e maternelles &#8211; MTSS-K)<\/span><\/li>\n<\/ul>\n<h6><span class=\"yt-core-attributed-string--link-inherit-color\" dir=\"auto\" style=\"font-size: 12pt;\">Travaux<\/span><\/h6>\n<ul>\n<li><a href=\"https:\/\/orbi.uliege.be\/bitstream\/2268\/334377\/1\/Conceptualisation%20AREF2025.pdf\" target=\"_blank\" rel=\"noopener\">https:\/\/orbi.uliege.be\/bitstream\/2268\/334377\/1\/Conceptualisation%20AREF2025.pdf<\/a><\/li>\n<li><span class=\"yt-core-attributed-string--link-inherit-color\" dir=\"auto\" style=\"font-size: 14px;\">B. Bricteux, S., Baye, A.* , Benyekhlef, H., Nemerlin, S., Pressia, F., Leurs, M., &amp; Dachet, D.*. (2025). Am\u00e9liorer le climat dans l&rsquo;enseignement secondaire : Analyse comparative internationale visant \u00e0 identifier les caract\u00e9ristiques des initiatives, dispositifs, pratiques visant l\u2019am\u00e9lioration du climat scolaire.\u00a0 <a href=\"https:\/\/hdl.handle.net\/2268\/341620\" target=\"_blank\" rel=\"noopener\">https:\/\/hdl.handle.net\/2268\/341620<\/a><\/span><\/li>\n<li><span class=\"yt-core-attributed-string--link-inherit-color\" dir=\"auto\" style=\"font-size: 14px;\">Pressia, F., Am\u00e9rica, M., Baudoin, N., Galand, B., &amp; Baye, A. (08 July 2025). Vers une conceptualisation du climat scolaire [Paper presentation]. Actualit\u00e9 de la Recherche en \u00c9ducation et Formation (AREF).\u00a0<\/span><a href=\"https:\/\/hdl.handle.net\/2268\/334377\" target=\"_blank\" rel=\"noopener\"><span class=\"yt-core-attributed-string--link-inherit-color\" dir=\"auto\" style=\"font-size: 14px;\">https:\/\/hdl.handle.net\/2268\/334377<\/span><\/a><\/li>\n<li><span class=\"yt-core-attributed-string--link-inherit-color\" dir=\"auto\" style=\"font-size: 14px;\">Pressia, F., Am\u00e9rica, M., Galand, B., &amp; Baye, A. (08 July 2025). Liens entre climat scolaire et bien-\u00eatre des \u00e9l\u00e8ves [Paper presentation]. Actualit\u00e9 de la Recherche en \u00c9ducation et Formation (AREF). <\/span><a href=\"https:\/\/hdl.handle.net\/2268\/334378\" target=\"_blank\" rel=\"noopener\"><span class=\"yt-core-attributed-string--link-inherit-color\" dir=\"auto\" style=\"font-size: 14px;\">https:\/\/hdl.handle.net\/2268\/334378<\/span><\/a><\/li>\n<li><span class=\"yt-core-attributed-string--link-inherit-color\" dir=\"auto\" style=\"font-size: 14px;\"> Pressia, F., America, M., Galand, B., &amp; Baye, A. (08 January 2026). Climat scolaire : de la th\u00e9orie \u00e0 la mesure [Paper presentation]. 37\u00e8me colloque de l\u2019ADMEE-Europe, Bienne, Switzerland. <a href=\"https:\/\/orbi.uliege.be\/handle\/2268\/339482\" target=\"_blank\" rel=\"noopener\">https:\/\/orbi.uliege.be\/handle\/2268\/339482<\/a><\/span><\/li>\n<li><span class=\"yt-core-attributed-string--link-inherit-color\" dir=\"auto\" style=\"font-size: 14px;\">Pressia, F., Am\u00e9rica, M., Galand, B., &amp; Baye, A. (17 July 2025). Links between school climate and pupils&rsquo; well-being in French-speaking Belgium [Paper presentation]. 46th annual Conference of the International School Psychology Association (ISPA), Coimbra, Portugal. <\/span><a href=\"https:\/\/hdl.handle.net\/2268\/334421\" target=\"_blank\" rel=\"noopener\"><span class=\"yt-core-attributed-string--link-inherit-color\" dir=\"auto\" style=\"font-size: 14px;\">https:\/\/hdl.handle.net\/2268\/334421<\/span><\/a><\/li>\n<li><span class=\"yt-core-attributed-string--link-inherit-color\" dir=\"auto\" style=\"font-size: 14px;\"> Deltour, C., Dachet, D., Monseur, C., &amp; Baye, A. (2022). Cultural fit and effects of School-wide Positive Behavior Interventions and Supports in high-need schools \u2013 A quasi-experimental study. Science Insights Education Frontiers, 11 (3). doi:10.15354\/sief.22.or058 <\/span><a href=\"https:\/\/hdl.handle.net\/2268\/292255\" target=\"_blank\" rel=\"noopener\"><span class=\"yt-core-attributed-string--link-inherit-color\" dir=\"auto\" style=\"font-size: 14px;\">https:\/\/hdl.handle.net\/2268\/292255<\/span><\/a><\/li>\n<\/ul>\n<h6><span class=\"yt-core-attributed-string--link-inherit-color\" dir=\"auto\" style=\"font-size: 12pt;\">C@f\u00e9s associ\u00e9s<\/span><\/h6>\n<ul>\n<li><a href=\"https:\/\/youtu.be\/baXbfn9-dXk?si=TLidIOjvgqwG4t1S\" target=\"_blank\" rel=\"noopener\"><span class=\"yt-core-attributed-string--link-inherit-color\" dir=\"auto\" style=\"font-size: 14px;\">Faire connaissance du programme PASEC avec Pierre Varly <\/span><\/a><span class=\"yt-core-attributed-string--link-inherit-color\" dir=\"auto\"><span class=\"yt-core-attributed-string--highlight-text-decorator\" dir=\"auto\">\u00a0\u00a0<\/span><\/span><\/li>\n<li><a href=\"https:\/\/www.youtube.com\/watch?v=8zntDaWxqsA&amp;list=PLxXEiNYFnzZawpgM8Tel7EhLiWqu_vw2I&amp;index=19\" target=\"_blank\" rel=\"noopener\"><span class=\"yt-core-attributed-string--link-inherit-color\" dir=\"auto\">Etude internationale TIMSS 2023 avec Virginie Dupont, Isabelle Demonty et Val\u00e9rie Quittre (ULi\u00e8ge)<\/span><\/a><\/li>\n<li><a href=\"https:\/\/www.youtube.com\/watch?v=MY9S2mGshZ0&amp;list=PLxXEiNYFnzZawpgM8Tel7EhLiWqu_vw2I&amp;index=52\" target=\"_blank\" rel=\"noopener\"><span class=\"yt-core-attributed-string--link-inherit-color\" dir=\"auto\">Les enqu\u00eates internationales pour am\u00e9liorer l\u2019\u00e9ducation avec Nuno CURATO (Universit\u00e9 de Lisbonne)<\/span><\/a><\/li>\n<li><a href=\"https:\/\/www.youtube.com\/watch?v=1kbXwvv9itQ&amp;list=PLxXEiNYFnzZawpgM8Tel7EhLiWqu_vw2I&amp;index=53\" target=\"_blank\" rel=\"noopener\"><span class=\"yt-core-attributed-string--link-inherit-color\" dir=\"auto\">PIRLS : enqu\u00eate internationale sur la lecture au-del\u00e0 des palmar\u00e8s avec Virginie Dupont, Patricia Schillings (ULIEGE) <\/span><\/a><\/li>\n<li><a href=\"https:\/\/www.youtube.com\/watch?v=kweafPjRCRE&amp;list=PLxXEiNYFnzZawpgM8Tel7EhLiWqu_vw2I&amp;index=69\" target=\"_blank\" rel=\"noopener\"><span class=\"yt-core-attributed-string--link-inherit-color\" dir=\"auto\">Les \u00e9valuations externes internationales avec Dominique LAFONTAINE (ULIEGE) <\/span><\/a><\/li>\n<\/ul>\n<h6><span class=\"yt-core-attributed-string--link-inherit-color\" dir=\"auto\">Contact<\/span><\/h6>\n<p><a href=\"https:\/\/www.aide.uliege.be\/cms\/c_6398384\/fr\/aide-baye-ariane\">BAYE Ariane<\/a><\/p>\n<p>&nbsp;<\/p>\n<p><a href=\"https:\/\/www.youtube.com\/@InasUmons\" target=\"_blank\" rel=\"noopener\"><span class=\"yt-core-attributed-string--link-inherit-color\" dir=\"auto\">Abonnez-vous \u00e0 notre cha\u00eene Youtube pour ne pas rater les prochains caf\u00e9s !<\/span><\/a><\/p>\n","protected":false},"excerpt":{"rendered":"<p>D\u00e9couvrez et partagez ce nouvel \u00e9pisode du C@f\u00e9 de l\u2019INAS avec Ariane Baye (ULi\u00e8ge).<\/p>\n","protected":false},"author":122,"featured_media":3284,"comment_status":"closed","ping_status":"closed","sticky":false,"template":"","format":"standard","meta":{"footnotes":""},"categories":[17,47],"tags":[],"class_list":["post-3282","post","type-post","status-publish","format-standard","has-post-thumbnail","hentry","category-enseignement","category-recherche"],"yoast_head":"<!-- This site is optimized with the Yoast SEO plugin v27.2 - https:\/\/yoast.com\/product\/yoast-seo-wordpress\/ -->\n<title>Climat scolaire et bien-\u00eatre dans l\u2019enseignement obligatoire. C@f\u00e9 71. - Service \/ FPSE - Sciences de l&#039;Enseignement et de la Formation<\/title>\n<meta name=\"robots\" content=\"index, follow, max-snippet:-1, max-image-preview:large, max-video-preview:-1\" \/>\n<link rel=\"canonical\" href=\"https:\/\/web.umons.ac.be\/semf\/2026\/04\/01\/climat-scolaire-et-bien-etre-dans-lenseignement-obligatoire-cfe-71\/\" \/>\n<meta property=\"og:locale\" content=\"fr_FR\" \/>\n<meta property=\"og:type\" content=\"article\" \/>\n<meta property=\"og:title\" content=\"Climat scolaire et bien-\u00eatre dans l\u2019enseignement obligatoire. C@f\u00e9 71. - Service \/ FPSE - Sciences de l&#039;Enseignement et de la Formation\" \/>\n<meta property=\"og:description\" content=\"D\u00e9couvrez et partagez ce nouvel \u00e9pisode du C@f\u00e9 de l\u2019INAS avec Ariane Baye (ULi\u00e8ge).\" \/>\n<meta property=\"og:url\" content=\"https:\/\/web.umons.ac.be\/semf\/2026\/04\/01\/climat-scolaire-et-bien-etre-dans-lenseignement-obligatoire-cfe-71\/\" \/>\n<meta property=\"og:site_name\" content=\"Service \/ FPSE - Sciences de l&#039;Enseignement et de la Formation\" \/>\n<meta property=\"article:published_time\" content=\"2026-04-01T14:33:37+00:00\" \/>\n<meta property=\"og:image\" content=\"https:\/\/web.umons.ac.be\/app\/uploads\/sites\/103\/2026\/04\/cafe71.png\" \/>\n\t<meta property=\"og:image:width\" content=\"910\" \/>\n\t<meta property=\"og:image:height\" content=\"527\" \/>\n\t<meta property=\"og:image:type\" content=\"image\/png\" \/>\n<meta name=\"author\" content=\"Anne Senecal\" \/>\n<meta name=\"twitter:card\" content=\"summary_large_image\" \/>\n<meta name=\"twitter:label1\" content=\"\u00c9crit par\" \/>\n\t<meta name=\"twitter:data1\" content=\"Anne Senecal\" \/>\n\t<meta name=\"twitter:label2\" content=\"Dur\u00e9e de lecture estim\u00e9e\" \/>\n\t<meta name=\"twitter:data2\" content=\"3 minutes\" \/>\n<script type=\"application\/ld+json\" class=\"yoast-schema-graph\">{\"@context\":\"https:\/\/schema.org\",\"@graph\":[{\"@type\":\"Article\",\"@id\":\"https:\/\/web.umons.ac.be\/semf\/2026\/04\/01\/climat-scolaire-et-bien-etre-dans-lenseignement-obligatoire-cfe-71\/#article\",\"isPartOf\":{\"@id\":\"https:\/\/web.umons.ac.be\/semf\/2026\/04\/01\/climat-scolaire-et-bien-etre-dans-lenseignement-obligatoire-cfe-71\/\"},\"author\":{\"name\":\"Anne Senecal\",\"@id\":\"https:\/\/web.umons.ac.be\/semf\/#\/schema\/person\/fc66023c009ec7e0a56ac48c64c3308f\"},\"headline\":\"Climat scolaire et bien-\u00eatre dans l\u2019enseignement obligatoire. C@f\u00e9 71.\",\"datePublished\":\"2026-04-01T14:33:37+00:00\",\"mainEntityOfPage\":{\"@id\":\"https:\/\/web.umons.ac.be\/semf\/2026\/04\/01\/climat-scolaire-et-bien-etre-dans-lenseignement-obligatoire-cfe-71\/\"},\"wordCount\":533,\"publisher\":{\"@id\":\"https:\/\/web.umons.ac.be\/semf\/#organization\"},\"image\":{\"@id\":\"https:\/\/web.umons.ac.be\/semf\/2026\/04\/01\/climat-scolaire-et-bien-etre-dans-lenseignement-obligatoire-cfe-71\/#primaryimage\"},\"thumbnailUrl\":\"https:\/\/web.umons.ac.be\/app\/uploads\/sites\/103\/2026\/04\/cafe71.png\",\"articleSection\":[\"Enseignement\",\"Recherche\"],\"inLanguage\":\"fr-FR\"},{\"@type\":\"WebPage\",\"@id\":\"https:\/\/web.umons.ac.be\/semf\/2026\/04\/01\/climat-scolaire-et-bien-etre-dans-lenseignement-obligatoire-cfe-71\/\",\"url\":\"https:\/\/web.umons.ac.be\/semf\/2026\/04\/01\/climat-scolaire-et-bien-etre-dans-lenseignement-obligatoire-cfe-71\/\",\"name\":\"Climat scolaire et bien-\u00eatre dans l\u2019enseignement obligatoire. C@f\u00e9 71. - Service \/ FPSE - Sciences de l&#039;Enseignement et de la Formation\",\"isPartOf\":{\"@id\":\"https:\/\/web.umons.ac.be\/semf\/#website\"},\"primaryImageOfPage\":{\"@id\":\"https:\/\/web.umons.ac.be\/semf\/2026\/04\/01\/climat-scolaire-et-bien-etre-dans-lenseignement-obligatoire-cfe-71\/#primaryimage\"},\"image\":{\"@id\":\"https:\/\/web.umons.ac.be\/semf\/2026\/04\/01\/climat-scolaire-et-bien-etre-dans-lenseignement-obligatoire-cfe-71\/#primaryimage\"},\"thumbnailUrl\":\"https:\/\/web.umons.ac.be\/app\/uploads\/sites\/103\/2026\/04\/cafe71.png\",\"datePublished\":\"2026-04-01T14:33:37+00:00\",\"breadcrumb\":{\"@id\":\"https:\/\/web.umons.ac.be\/semf\/2026\/04\/01\/climat-scolaire-et-bien-etre-dans-lenseignement-obligatoire-cfe-71\/#breadcrumb\"},\"inLanguage\":\"fr-FR\",\"potentialAction\":[{\"@type\":\"ReadAction\",\"target\":[\"https:\/\/web.umons.ac.be\/semf\/2026\/04\/01\/climat-scolaire-et-bien-etre-dans-lenseignement-obligatoire-cfe-71\/\"]}]},{\"@type\":\"ImageObject\",\"inLanguage\":\"fr-FR\",\"@id\":\"https:\/\/web.umons.ac.be\/semf\/2026\/04\/01\/climat-scolaire-et-bien-etre-dans-lenseignement-obligatoire-cfe-71\/#primaryimage\",\"url\":\"https:\/\/web.umons.ac.be\/app\/uploads\/sites\/103\/2026\/04\/cafe71.png\",\"contentUrl\":\"https:\/\/web.umons.ac.be\/app\/uploads\/sites\/103\/2026\/04\/cafe71.png\",\"width\":910,\"height\":527},{\"@type\":\"BreadcrumbList\",\"@id\":\"https:\/\/web.umons.ac.be\/semf\/2026\/04\/01\/climat-scolaire-et-bien-etre-dans-lenseignement-obligatoire-cfe-71\/#breadcrumb\",\"itemListElement\":[{\"@type\":\"ListItem\",\"position\":1,\"name\":\"Home\",\"item\":\"https:\/\/web.umons.ac.be\/semf\/\"},{\"@type\":\"ListItem\",\"position\":2,\"name\":\"Climat scolaire et bien-\u00eatre dans l\u2019enseignement obligatoire. C@f\u00e9 71.\"}]},{\"@type\":\"WebSite\",\"@id\":\"https:\/\/web.umons.ac.be\/semf\/#website\",\"url\":\"https:\/\/web.umons.ac.be\/semf\/\",\"name\":\"Service \/ FPSE - M\u00e9thodologie et formation\",\"description\":\"\",\"publisher\":{\"@id\":\"https:\/\/web.umons.ac.be\/semf\/#organization\"},\"potentialAction\":[{\"@type\":\"SearchAction\",\"target\":{\"@type\":\"EntryPoint\",\"urlTemplate\":\"https:\/\/web.umons.ac.be\/semf\/?s={search_term_string}\"},\"query-input\":{\"@type\":\"PropertyValueSpecification\",\"valueRequired\":true,\"valueName\":\"search_term_string\"}}],\"inLanguage\":\"fr-FR\"},{\"@type\":\"Organization\",\"@id\":\"https:\/\/web.umons.ac.be\/semf\/#organization\",\"name\":\"Service \/ FPSE - M\u00e9thodologie et formation\",\"url\":\"https:\/\/web.umons.ac.be\/semf\/\",\"logo\":{\"@type\":\"ImageObject\",\"inLanguage\":\"fr-FR\",\"@id\":\"https:\/\/web.umons.ac.be\/semf\/#\/schema\/logo\/image\/\",\"url\":\"https:\/\/web.umons.ac.be\/app\/uploads\/sites\/103\/2021\/11\/LOGOP316_Benoit-VANSCHOEBEKE.svg\",\"contentUrl\":\"https:\/\/web.umons.ac.be\/app\/uploads\/sites\/103\/2021\/11\/LOGOP316_Benoit-VANSCHOEBEKE.svg\",\"width\":1,\"height\":1,\"caption\":\"Service \/ FPSE - M\u00e9thodologie et formation\"},\"image\":{\"@id\":\"https:\/\/web.umons.ac.be\/semf\/#\/schema\/logo\/image\/\"}},{\"@type\":\"Person\",\"@id\":\"https:\/\/web.umons.ac.be\/semf\/#\/schema\/person\/fc66023c009ec7e0a56ac48c64c3308f\",\"name\":\"Anne Senecal\",\"image\":{\"@type\":\"ImageObject\",\"inLanguage\":\"fr-FR\",\"@id\":\"https:\/\/secure.gravatar.com\/avatar\/f8cb2fee72dd926957939b5a98c78efc8cd4e751b381ab45ce15a5275acf1119?s=96&d=mm&r=g\",\"url\":\"https:\/\/secure.gravatar.com\/avatar\/f8cb2fee72dd926957939b5a98c78efc8cd4e751b381ab45ce15a5275acf1119?s=96&d=mm&r=g\",\"contentUrl\":\"https:\/\/secure.gravatar.com\/avatar\/f8cb2fee72dd926957939b5a98c78efc8cd4e751b381ab45ce15a5275acf1119?s=96&d=mm&r=g\",\"caption\":\"Anne Senecal\"},\"url\":\"https:\/\/web.umons.ac.be\/semf\/author\/asenecal\/\"}]}<\/script>\n<!-- \/ Yoast SEO plugin. -->","yoast_head_json":{"title":"Climat scolaire et bien-\u00eatre dans l\u2019enseignement obligatoire. C@f\u00e9 71. - Service \/ FPSE - Sciences de l&#039;Enseignement et de la Formation","robots":{"index":"index","follow":"follow","max-snippet":"max-snippet:-1","max-image-preview":"max-image-preview:large","max-video-preview":"max-video-preview:-1"},"canonical":"https:\/\/web.umons.ac.be\/semf\/2026\/04\/01\/climat-scolaire-et-bien-etre-dans-lenseignement-obligatoire-cfe-71\/","og_locale":"fr_FR","og_type":"article","og_title":"Climat scolaire et bien-\u00eatre dans l\u2019enseignement obligatoire. C@f\u00e9 71. - Service \/ FPSE - Sciences de l&#039;Enseignement et de la Formation","og_description":"D\u00e9couvrez et partagez ce nouvel \u00e9pisode du C@f\u00e9 de l\u2019INAS avec Ariane Baye (ULi\u00e8ge).","og_url":"https:\/\/web.umons.ac.be\/semf\/2026\/04\/01\/climat-scolaire-et-bien-etre-dans-lenseignement-obligatoire-cfe-71\/","og_site_name":"Service \/ FPSE - Sciences de l&#039;Enseignement et de la Formation","article_published_time":"2026-04-01T14:33:37+00:00","og_image":[{"width":910,"height":527,"url":"https:\/\/web.umons.ac.be\/app\/uploads\/sites\/103\/2026\/04\/cafe71.png","type":"image\/png"}],"author":"Anne Senecal","twitter_card":"summary_large_image","twitter_misc":{"\u00c9crit par":"Anne Senecal","Dur\u00e9e de lecture estim\u00e9e":"3 minutes"},"schema":{"@context":"https:\/\/schema.org","@graph":[{"@type":"Article","@id":"https:\/\/web.umons.ac.be\/semf\/2026\/04\/01\/climat-scolaire-et-bien-etre-dans-lenseignement-obligatoire-cfe-71\/#article","isPartOf":{"@id":"https:\/\/web.umons.ac.be\/semf\/2026\/04\/01\/climat-scolaire-et-bien-etre-dans-lenseignement-obligatoire-cfe-71\/"},"author":{"name":"Anne Senecal","@id":"https:\/\/web.umons.ac.be\/semf\/#\/schema\/person\/fc66023c009ec7e0a56ac48c64c3308f"},"headline":"Climat scolaire et bien-\u00eatre dans l\u2019enseignement obligatoire. C@f\u00e9 71.","datePublished":"2026-04-01T14:33:37+00:00","mainEntityOfPage":{"@id":"https:\/\/web.umons.ac.be\/semf\/2026\/04\/01\/climat-scolaire-et-bien-etre-dans-lenseignement-obligatoire-cfe-71\/"},"wordCount":533,"publisher":{"@id":"https:\/\/web.umons.ac.be\/semf\/#organization"},"image":{"@id":"https:\/\/web.umons.ac.be\/semf\/2026\/04\/01\/climat-scolaire-et-bien-etre-dans-lenseignement-obligatoire-cfe-71\/#primaryimage"},"thumbnailUrl":"https:\/\/web.umons.ac.be\/app\/uploads\/sites\/103\/2026\/04\/cafe71.png","articleSection":["Enseignement","Recherche"],"inLanguage":"fr-FR"},{"@type":"WebPage","@id":"https:\/\/web.umons.ac.be\/semf\/2026\/04\/01\/climat-scolaire-et-bien-etre-dans-lenseignement-obligatoire-cfe-71\/","url":"https:\/\/web.umons.ac.be\/semf\/2026\/04\/01\/climat-scolaire-et-bien-etre-dans-lenseignement-obligatoire-cfe-71\/","name":"Climat scolaire et bien-\u00eatre dans l\u2019enseignement obligatoire. C@f\u00e9 71. - Service \/ FPSE - Sciences de l&#039;Enseignement et de la Formation","isPartOf":{"@id":"https:\/\/web.umons.ac.be\/semf\/#website"},"primaryImageOfPage":{"@id":"https:\/\/web.umons.ac.be\/semf\/2026\/04\/01\/climat-scolaire-et-bien-etre-dans-lenseignement-obligatoire-cfe-71\/#primaryimage"},"image":{"@id":"https:\/\/web.umons.ac.be\/semf\/2026\/04\/01\/climat-scolaire-et-bien-etre-dans-lenseignement-obligatoire-cfe-71\/#primaryimage"},"thumbnailUrl":"https:\/\/web.umons.ac.be\/app\/uploads\/sites\/103\/2026\/04\/cafe71.png","datePublished":"2026-04-01T14:33:37+00:00","breadcrumb":{"@id":"https:\/\/web.umons.ac.be\/semf\/2026\/04\/01\/climat-scolaire-et-bien-etre-dans-lenseignement-obligatoire-cfe-71\/#breadcrumb"},"inLanguage":"fr-FR","potentialAction":[{"@type":"ReadAction","target":["https:\/\/web.umons.ac.be\/semf\/2026\/04\/01\/climat-scolaire-et-bien-etre-dans-lenseignement-obligatoire-cfe-71\/"]}]},{"@type":"ImageObject","inLanguage":"fr-FR","@id":"https:\/\/web.umons.ac.be\/semf\/2026\/04\/01\/climat-scolaire-et-bien-etre-dans-lenseignement-obligatoire-cfe-71\/#primaryimage","url":"https:\/\/web.umons.ac.be\/app\/uploads\/sites\/103\/2026\/04\/cafe71.png","contentUrl":"https:\/\/web.umons.ac.be\/app\/uploads\/sites\/103\/2026\/04\/cafe71.png","width":910,"height":527},{"@type":"BreadcrumbList","@id":"https:\/\/web.umons.ac.be\/semf\/2026\/04\/01\/climat-scolaire-et-bien-etre-dans-lenseignement-obligatoire-cfe-71\/#breadcrumb","itemListElement":[{"@type":"ListItem","position":1,"name":"Home","item":"https:\/\/web.umons.ac.be\/semf\/"},{"@type":"ListItem","position":2,"name":"Climat scolaire et bien-\u00eatre dans l\u2019enseignement obligatoire. C@f\u00e9 71."}]},{"@type":"WebSite","@id":"https:\/\/web.umons.ac.be\/semf\/#website","url":"https:\/\/web.umons.ac.be\/semf\/","name":"Service \/ FPSE - M\u00e9thodologie et formation","description":"","publisher":{"@id":"https:\/\/web.umons.ac.be\/semf\/#organization"},"potentialAction":[{"@type":"SearchAction","target":{"@type":"EntryPoint","urlTemplate":"https:\/\/web.umons.ac.be\/semf\/?s={search_term_string}"},"query-input":{"@type":"PropertyValueSpecification","valueRequired":true,"valueName":"search_term_string"}}],"inLanguage":"fr-FR"},{"@type":"Organization","@id":"https:\/\/web.umons.ac.be\/semf\/#organization","name":"Service \/ FPSE - M\u00e9thodologie et formation","url":"https:\/\/web.umons.ac.be\/semf\/","logo":{"@type":"ImageObject","inLanguage":"fr-FR","@id":"https:\/\/web.umons.ac.be\/semf\/#\/schema\/logo\/image\/","url":"https:\/\/web.umons.ac.be\/app\/uploads\/sites\/103\/2021\/11\/LOGOP316_Benoit-VANSCHOEBEKE.svg","contentUrl":"https:\/\/web.umons.ac.be\/app\/uploads\/sites\/103\/2021\/11\/LOGOP316_Benoit-VANSCHOEBEKE.svg","width":1,"height":1,"caption":"Service \/ FPSE - M\u00e9thodologie et formation"},"image":{"@id":"https:\/\/web.umons.ac.be\/semf\/#\/schema\/logo\/image\/"}},{"@type":"Person","@id":"https:\/\/web.umons.ac.be\/semf\/#\/schema\/person\/fc66023c009ec7e0a56ac48c64c3308f","name":"Anne Senecal","image":{"@type":"ImageObject","inLanguage":"fr-FR","@id":"https:\/\/secure.gravatar.com\/avatar\/f8cb2fee72dd926957939b5a98c78efc8cd4e751b381ab45ce15a5275acf1119?s=96&d=mm&r=g","url":"https:\/\/secure.gravatar.com\/avatar\/f8cb2fee72dd926957939b5a98c78efc8cd4e751b381ab45ce15a5275acf1119?s=96&d=mm&r=g","contentUrl":"https:\/\/secure.gravatar.com\/avatar\/f8cb2fee72dd926957939b5a98c78efc8cd4e751b381ab45ce15a5275acf1119?s=96&d=mm&r=g","caption":"Anne Senecal"},"url":"https:\/\/web.umons.ac.be\/semf\/author\/asenecal\/"}]}},"lang":"fr","translations":{"fr":3282},"pll_sync_post":[],"_links":{"self":[{"href":"https:\/\/web.umons.ac.be\/semf\/wp-json\/wp\/v2\/posts\/3282","targetHints":{"allow":["GET"]}}],"collection":[{"href":"https:\/\/web.umons.ac.be\/semf\/wp-json\/wp\/v2\/posts"}],"about":[{"href":"https:\/\/web.umons.ac.be\/semf\/wp-json\/wp\/v2\/types\/post"}],"author":[{"embeddable":true,"href":"https:\/\/web.umons.ac.be\/semf\/wp-json\/wp\/v2\/users\/122"}],"replies":[{"embeddable":true,"href":"https:\/\/web.umons.ac.be\/semf\/wp-json\/wp\/v2\/comments?post=3282"}],"version-history":[{"count":3,"href":"https:\/\/web.umons.ac.be\/semf\/wp-json\/wp\/v2\/posts\/3282\/revisions"}],"predecessor-version":[{"id":3286,"href":"https:\/\/web.umons.ac.be\/semf\/wp-json\/wp\/v2\/posts\/3282\/revisions\/3286"}],"wp:featuredmedia":[{"embeddable":true,"href":"https:\/\/web.umons.ac.be\/semf\/wp-json\/wp\/v2\/media\/3284"}],"wp:attachment":[{"href":"https:\/\/web.umons.ac.be\/semf\/wp-json\/wp\/v2\/media?parent=3282"}],"wp:term":[{"taxonomy":"category","embeddable":true,"href":"https:\/\/web.umons.ac.be\/semf\/wp-json\/wp\/v2\/categories?post=3282"},{"taxonomy":"post_tag","embeddable":true,"href":"https:\/\/web.umons.ac.be\/semf\/wp-json\/wp\/v2\/tags?post=3282"}],"curies":[{"name":"wp","href":"https:\/\/api.w.org\/{rel}","templated":true}]}}