{"id":3346,"date":"2026-04-23T14:16:44","date_gmt":"2026-04-23T12:16:44","guid":{"rendered":"https:\/\/web.umons.ac.be\/semf\/?p=3346"},"modified":"2026-04-23T14:16:44","modified_gmt":"2026-04-23T12:16:44","slug":"3346","status":"publish","type":"post","link":"https:\/\/web.umons.ac.be\/semf\/2026\/04\/23\/3346\/","title":{"rendered":""},"content":{"rendered":"<p>Son jury \u00e9tait compos\u00e9 d\u2019Antoine Derobertmasure (promoteur), Universit\u00e9 de Mons, Marie Bocquillon (co-promotrice), Universit\u00e9 TELUQ, Nancy Gaudreau, Universit\u00e9 Laval, Marina Tual, Sorbonne Universit\u00e9, Ga\u00ebtan Temperman, Universit\u00e9 de Mons et Eric Willaye, Universit\u00e9 de Mons.<\/p>\n<p><img loading=\"lazy\" decoding=\"async\" class=\"alignnone size-full wp-image-3347\" src=\"https:\/\/web.umons.ac.be\/app\/uploads\/sites\/103\/2026\/04\/20260421_121325-scaled.jpg\" alt=\"\" width=\"2560\" height=\"1441\" srcset=\"https:\/\/web.umons.ac.be\/app\/uploads\/sites\/103\/2026\/04\/20260421_121325-scaled.jpg 2560w, https:\/\/web.umons.ac.be\/app\/uploads\/sites\/103\/2026\/04\/20260421_121325-300x169.jpg 300w, https:\/\/web.umons.ac.be\/app\/uploads\/sites\/103\/2026\/04\/20260421_121325-1024x577.jpg 1024w, https:\/\/web.umons.ac.be\/app\/uploads\/sites\/103\/2026\/04\/20260421_121325-768x432.jpg 768w, https:\/\/web.umons.ac.be\/app\/uploads\/sites\/103\/2026\/04\/20260421_121325-1536x865.jpg 1536w, https:\/\/web.umons.ac.be\/app\/uploads\/sites\/103\/2026\/04\/20260421_121325-2048x1153.jpg 2048w, https:\/\/web.umons.ac.be\/app\/uploads\/sites\/103\/2026\/04\/20260421_121325-1172x660.jpg 1172w, https:\/\/web.umons.ac.be\/app\/uploads\/sites\/103\/2026\/04\/20260421_121325-30x17.jpg 30w, https:\/\/web.umons.ac.be\/app\/uploads\/sites\/103\/2026\/04\/20260421_121325-60x34.jpg 60w, https:\/\/web.umons.ac.be\/app\/uploads\/sites\/103\/2026\/04\/20260421_121325-360x203.jpg 360w\" sizes=\"auto, (max-width: 2560px) 100vw, 2560px\" \/><\/p>\n<p>Cette th\u00e8se s\u2019inscrit dans le champ de la formation initiale des enseignants et porte sur la gestion de classe, envisag\u00e9e \u00e0 travers trois dimensions compl\u00e9mentaires\u00a0: les repr\u00e9sentations pr\u00e9professionnelles, les pratiques effectives et la r\u00e9flexivit\u00e9 des futurs enseignants. Elle vise \u00e0 analyser l\u2019\u00e9volution de ces dimensions au cours de la formation et \u00e0 mieux comprendre leur r\u00f4le dans la construction des comp\u00e9tences professionnelles en gestion de classe.<\/p>\n<p><img loading=\"lazy\" decoding=\"async\" class=\"alignnone size-full wp-image-3350\" src=\"https:\/\/web.umons.ac.be\/app\/uploads\/sites\/103\/2026\/04\/20260421_140459-scaled.jpg\" alt=\"\" width=\"2560\" height=\"1920\" srcset=\"https:\/\/web.umons.ac.be\/app\/uploads\/sites\/103\/2026\/04\/20260421_140459-scaled.jpg 2560w, https:\/\/web.umons.ac.be\/app\/uploads\/sites\/103\/2026\/04\/20260421_140459-300x225.jpg 300w, https:\/\/web.umons.ac.be\/app\/uploads\/sites\/103\/2026\/04\/20260421_140459-1024x768.jpg 1024w, https:\/\/web.umons.ac.be\/app\/uploads\/sites\/103\/2026\/04\/20260421_140459-768x576.jpg 768w, https:\/\/web.umons.ac.be\/app\/uploads\/sites\/103\/2026\/04\/20260421_140459-1536x1152.jpg 1536w, https:\/\/web.umons.ac.be\/app\/uploads\/sites\/103\/2026\/04\/20260421_140459-2048x1536.jpg 2048w, https:\/\/web.umons.ac.be\/app\/uploads\/sites\/103\/2026\/04\/20260421_140459-880x660.jpg 880w, https:\/\/web.umons.ac.be\/app\/uploads\/sites\/103\/2026\/04\/20260421_140459-30x23.jpg 30w, https:\/\/web.umons.ac.be\/app\/uploads\/sites\/103\/2026\/04\/20260421_140459-60x45.jpg 60w, https:\/\/web.umons.ac.be\/app\/uploads\/sites\/103\/2026\/04\/20260421_140459-360x270.jpg 360w\" sizes=\"auto, (max-width: 2560px) 100vw, 2560px\" \/><\/p>\n<p><img loading=\"lazy\" decoding=\"async\" class=\"alignnone size-full wp-image-3353\" src=\"https:\/\/web.umons.ac.be\/app\/uploads\/sites\/103\/2026\/04\/20260421_140419-scaled.jpg\" alt=\"\" width=\"2560\" height=\"1441\" srcset=\"https:\/\/web.umons.ac.be\/app\/uploads\/sites\/103\/2026\/04\/20260421_140419-scaled.jpg 2560w, https:\/\/web.umons.ac.be\/app\/uploads\/sites\/103\/2026\/04\/20260421_140419-300x169.jpg 300w, https:\/\/web.umons.ac.be\/app\/uploads\/sites\/103\/2026\/04\/20260421_140419-1024x577.jpg 1024w, https:\/\/web.umons.ac.be\/app\/uploads\/sites\/103\/2026\/04\/20260421_140419-768x432.jpg 768w, https:\/\/web.umons.ac.be\/app\/uploads\/sites\/103\/2026\/04\/20260421_140419-1536x865.jpg 1536w, https:\/\/web.umons.ac.be\/app\/uploads\/sites\/103\/2026\/04\/20260421_140419-2048x1153.jpg 2048w, https:\/\/web.umons.ac.be\/app\/uploads\/sites\/103\/2026\/04\/20260421_140419-1172x660.jpg 1172w, https:\/\/web.umons.ac.be\/app\/uploads\/sites\/103\/2026\/04\/20260421_140419-30x17.jpg 30w, https:\/\/web.umons.ac.be\/app\/uploads\/sites\/103\/2026\/04\/20260421_140419-60x34.jpg 60w, https:\/\/web.umons.ac.be\/app\/uploads\/sites\/103\/2026\/04\/20260421_140419-360x203.jpg 360w\" sizes=\"auto, (max-width: 2560px) 100vw, 2560px\" \/><\/p>\n","protected":false},"excerpt":{"rendered":"<p>La\u00ebtitia Delbart a d\u00e9fendu avec brio son travail doctoral intitul\u00e9 \u00ab\u00a0Former \u00e0 la gestion de classe. Analyse des repr\u00e9sentations pr\u00e9professionnelles, des pratiques effectives et du d\u00e9veloppement de la r\u00e9flexivit\u00e9 en formation initiale des enseignants\u00a0\u00bb ce mardi 21 avril 2026 et a obtenu le grade acad\u00e9mique de Docteure en sciences de l\u2019\u00e9ducation et enseignement.<\/p>\n","protected":false},"author":122,"featured_media":3348,"comment_status":"closed","ping_status":"closed","sticky":false,"template":"","format":"standard","meta":{"footnotes":""},"categories":[32,47],"tags":[],"class_list":["post-3346","post","type-post","status-publish","format-standard","has-post-thumbnail","hentry","category-phd-college","category-recherche"],"yoast_head":"<!-- This site is optimized with the Yoast SEO plugin v27.2 - https:\/\/yoast.com\/product\/yoast-seo-wordpress\/ -->\n<title>- Service \/ FPSE - Sciences de l&#039;Enseignement et de la Formation<\/title>\n<meta name=\"robots\" content=\"index, follow, max-snippet:-1, max-image-preview:large, max-video-preview:-1\" \/>\n<link rel=\"canonical\" href=\"https:\/\/web.umons.ac.be\/semf\/2026\/04\/23\/3346\/\" \/>\n<meta property=\"og:locale\" content=\"fr_FR\" \/>\n<meta property=\"og:type\" content=\"article\" \/>\n<meta property=\"og:title\" content=\"- Service \/ FPSE - Sciences de l&#039;Enseignement et de la Formation\" \/>\n<meta property=\"og:description\" content=\"La\u00ebtitia Delbart a d\u00e9fendu avec brio son travail doctoral intitul\u00e9 \u00ab\u00a0Former \u00e0 la gestion de classe. Analyse des repr\u00e9sentations pr\u00e9professionnelles, des pratiques effectives et du d\u00e9veloppement de la r\u00e9flexivit\u00e9 en formation initiale des enseignants\u00a0\u00bb ce mardi 21 avril 2026 et a obtenu le grade acad\u00e9mique de Docteure en sciences de l\u2019\u00e9ducation et enseignement.\" \/>\n<meta property=\"og:url\" content=\"https:\/\/web.umons.ac.be\/semf\/2026\/04\/23\/3346\/\" \/>\n<meta property=\"og:site_name\" content=\"Service \/ FPSE - Sciences de l&#039;Enseignement et de la Formation\" \/>\n<meta property=\"article:published_time\" content=\"2026-04-23T12:16:44+00:00\" \/>\n<meta property=\"og:image\" content=\"https:\/\/web.umons.ac.be\/app\/uploads\/sites\/103\/2026\/04\/20260421_120528-scaled.jpg\" \/>\n\t<meta property=\"og:image:width\" content=\"2560\" \/>\n\t<meta property=\"og:image:height\" content=\"1441\" \/>\n\t<meta property=\"og:image:type\" content=\"image\/jpeg\" \/>\n<meta name=\"author\" content=\"Anne Senecal\" \/>\n<meta name=\"twitter:card\" content=\"summary_large_image\" \/>\n<meta name=\"twitter:label1\" content=\"\u00c9crit par\" \/>\n\t<meta name=\"twitter:data1\" content=\"Anne Senecal\" \/>\n\t<meta name=\"twitter:label2\" content=\"Dur\u00e9e de lecture estim\u00e9e\" \/>\n\t<meta name=\"twitter:data2\" content=\"2 minutes\" \/>\n<script type=\"application\/ld+json\" class=\"yoast-schema-graph\">{\"@context\":\"https:\/\/schema.org\",\"@graph\":[{\"@type\":\"Article\",\"@id\":\"https:\/\/web.umons.ac.be\/semf\/2026\/04\/23\/3346\/#article\",\"isPartOf\":{\"@id\":\"https:\/\/web.umons.ac.be\/semf\/2026\/04\/23\/3346\/\"},\"author\":{\"name\":\"Anne Senecal\",\"@id\":\"https:\/\/web.umons.ac.be\/semf\/#\/schema\/person\/fc66023c009ec7e0a56ac48c64c3308f\"},\"headline\":\"Aucun titre\",\"datePublished\":\"2026-04-23T12:16:44+00:00\",\"mainEntityOfPage\":{\"@id\":\"https:\/\/web.umons.ac.be\/semf\/2026\/04\/23\/3346\/\"},\"wordCount\":109,\"publisher\":{\"@id\":\"https:\/\/web.umons.ac.be\/semf\/#organization\"},\"image\":{\"@id\":\"https:\/\/web.umons.ac.be\/semf\/2026\/04\/23\/3346\/#primaryimage\"},\"thumbnailUrl\":\"https:\/\/web.umons.ac.be\/app\/uploads\/sites\/103\/2026\/04\/20260421_120528-scaled.jpg\",\"articleSection\":[\"PhD College\",\"Recherche\"],\"inLanguage\":\"fr-FR\"},{\"@type\":\"WebPage\",\"@id\":\"https:\/\/web.umons.ac.be\/semf\/2026\/04\/23\/3346\/\",\"url\":\"https:\/\/web.umons.ac.be\/semf\/2026\/04\/23\/3346\/\",\"name\":\"- Service \/ FPSE - Sciences de l&#039;Enseignement et de la Formation\",\"isPartOf\":{\"@id\":\"https:\/\/web.umons.ac.be\/semf\/#website\"},\"primaryImageOfPage\":{\"@id\":\"https:\/\/web.umons.ac.be\/semf\/2026\/04\/23\/3346\/#primaryimage\"},\"image\":{\"@id\":\"https:\/\/web.umons.ac.be\/semf\/2026\/04\/23\/3346\/#primaryimage\"},\"thumbnailUrl\":\"https:\/\/web.umons.ac.be\/app\/uploads\/sites\/103\/2026\/04\/20260421_120528-scaled.jpg\",\"datePublished\":\"2026-04-23T12:16:44+00:00\",\"inLanguage\":\"fr-FR\",\"potentialAction\":[{\"@type\":\"ReadAction\",\"target\":[\"https:\/\/web.umons.ac.be\/semf\/2026\/04\/23\/3346\/\"]}]},{\"@type\":\"ImageObject\",\"inLanguage\":\"fr-FR\",\"@id\":\"https:\/\/web.umons.ac.be\/semf\/2026\/04\/23\/3346\/#primaryimage\",\"url\":\"https:\/\/web.umons.ac.be\/app\/uploads\/sites\/103\/2026\/04\/20260421_120528-scaled.jpg\",\"contentUrl\":\"https:\/\/web.umons.ac.be\/app\/uploads\/sites\/103\/2026\/04\/20260421_120528-scaled.jpg\",\"width\":2560,\"height\":1441},{\"@type\":\"WebSite\",\"@id\":\"https:\/\/web.umons.ac.be\/semf\/#website\",\"url\":\"https:\/\/web.umons.ac.be\/semf\/\",\"name\":\"Service \/ FPSE - M\u00e9thodologie et formation\",\"description\":\"\",\"publisher\":{\"@id\":\"https:\/\/web.umons.ac.be\/semf\/#organization\"},\"potentialAction\":[{\"@type\":\"SearchAction\",\"target\":{\"@type\":\"EntryPoint\",\"urlTemplate\":\"https:\/\/web.umons.ac.be\/semf\/?s={search_term_string}\"},\"query-input\":{\"@type\":\"PropertyValueSpecification\",\"valueRequired\":true,\"valueName\":\"search_term_string\"}}],\"inLanguage\":\"fr-FR\"},{\"@type\":\"Organization\",\"@id\":\"https:\/\/web.umons.ac.be\/semf\/#organization\",\"name\":\"Service \/ FPSE - M\u00e9thodologie et formation\",\"url\":\"https:\/\/web.umons.ac.be\/semf\/\",\"logo\":{\"@type\":\"ImageObject\",\"inLanguage\":\"fr-FR\",\"@id\":\"https:\/\/web.umons.ac.be\/semf\/#\/schema\/logo\/image\/\",\"url\":\"https:\/\/web.umons.ac.be\/app\/uploads\/sites\/103\/2021\/11\/LOGOP316_Benoit-VANSCHOEBEKE.svg\",\"contentUrl\":\"https:\/\/web.umons.ac.be\/app\/uploads\/sites\/103\/2021\/11\/LOGOP316_Benoit-VANSCHOEBEKE.svg\",\"width\":1,\"height\":1,\"caption\":\"Service \/ FPSE - M\u00e9thodologie et formation\"},\"image\":{\"@id\":\"https:\/\/web.umons.ac.be\/semf\/#\/schema\/logo\/image\/\"}},{\"@type\":\"Person\",\"@id\":\"https:\/\/web.umons.ac.be\/semf\/#\/schema\/person\/fc66023c009ec7e0a56ac48c64c3308f\",\"name\":\"Anne Senecal\",\"image\":{\"@type\":\"ImageObject\",\"inLanguage\":\"fr-FR\",\"@id\":\"https:\/\/secure.gravatar.com\/avatar\/f8cb2fee72dd926957939b5a98c78efc8cd4e751b381ab45ce15a5275acf1119?s=96&d=mm&r=g\",\"url\":\"https:\/\/secure.gravatar.com\/avatar\/f8cb2fee72dd926957939b5a98c78efc8cd4e751b381ab45ce15a5275acf1119?s=96&d=mm&r=g\",\"contentUrl\":\"https:\/\/secure.gravatar.com\/avatar\/f8cb2fee72dd926957939b5a98c78efc8cd4e751b381ab45ce15a5275acf1119?s=96&d=mm&r=g\",\"caption\":\"Anne Senecal\"},\"url\":\"https:\/\/web.umons.ac.be\/semf\/author\/asenecal\/\"}]}<\/script>\n<!-- \/ Yoast SEO plugin. -->","yoast_head_json":{"title":"- Service \/ FPSE - Sciences de l&#039;Enseignement et de la Formation","robots":{"index":"index","follow":"follow","max-snippet":"max-snippet:-1","max-image-preview":"max-image-preview:large","max-video-preview":"max-video-preview:-1"},"canonical":"https:\/\/web.umons.ac.be\/semf\/2026\/04\/23\/3346\/","og_locale":"fr_FR","og_type":"article","og_title":"- Service \/ FPSE - Sciences de l&#039;Enseignement et de la Formation","og_description":"La\u00ebtitia Delbart a d\u00e9fendu avec brio son travail doctoral intitul\u00e9 \u00ab\u00a0Former \u00e0 la gestion de classe. Analyse des repr\u00e9sentations pr\u00e9professionnelles, des pratiques effectives et du d\u00e9veloppement de la r\u00e9flexivit\u00e9 en formation initiale des enseignants\u00a0\u00bb ce mardi 21 avril 2026 et a obtenu le grade acad\u00e9mique de Docteure en sciences de l\u2019\u00e9ducation et enseignement.","og_url":"https:\/\/web.umons.ac.be\/semf\/2026\/04\/23\/3346\/","og_site_name":"Service \/ FPSE - Sciences de l&#039;Enseignement et de la Formation","article_published_time":"2026-04-23T12:16:44+00:00","og_image":[{"width":2560,"height":1441,"url":"https:\/\/web.umons.ac.be\/app\/uploads\/sites\/103\/2026\/04\/20260421_120528-scaled.jpg","type":"image\/jpeg"}],"author":"Anne Senecal","twitter_card":"summary_large_image","twitter_misc":{"\u00c9crit par":"Anne Senecal","Dur\u00e9e de lecture estim\u00e9e":"2 minutes"},"schema":{"@context":"https:\/\/schema.org","@graph":[{"@type":"Article","@id":"https:\/\/web.umons.ac.be\/semf\/2026\/04\/23\/3346\/#article","isPartOf":{"@id":"https:\/\/web.umons.ac.be\/semf\/2026\/04\/23\/3346\/"},"author":{"name":"Anne Senecal","@id":"https:\/\/web.umons.ac.be\/semf\/#\/schema\/person\/fc66023c009ec7e0a56ac48c64c3308f"},"headline":"Aucun titre","datePublished":"2026-04-23T12:16:44+00:00","mainEntityOfPage":{"@id":"https:\/\/web.umons.ac.be\/semf\/2026\/04\/23\/3346\/"},"wordCount":109,"publisher":{"@id":"https:\/\/web.umons.ac.be\/semf\/#organization"},"image":{"@id":"https:\/\/web.umons.ac.be\/semf\/2026\/04\/23\/3346\/#primaryimage"},"thumbnailUrl":"https:\/\/web.umons.ac.be\/app\/uploads\/sites\/103\/2026\/04\/20260421_120528-scaled.jpg","articleSection":["PhD College","Recherche"],"inLanguage":"fr-FR"},{"@type":"WebPage","@id":"https:\/\/web.umons.ac.be\/semf\/2026\/04\/23\/3346\/","url":"https:\/\/web.umons.ac.be\/semf\/2026\/04\/23\/3346\/","name":"- Service \/ FPSE - Sciences de l&#039;Enseignement et de la Formation","isPartOf":{"@id":"https:\/\/web.umons.ac.be\/semf\/#website"},"primaryImageOfPage":{"@id":"https:\/\/web.umons.ac.be\/semf\/2026\/04\/23\/3346\/#primaryimage"},"image":{"@id":"https:\/\/web.umons.ac.be\/semf\/2026\/04\/23\/3346\/#primaryimage"},"thumbnailUrl":"https:\/\/web.umons.ac.be\/app\/uploads\/sites\/103\/2026\/04\/20260421_120528-scaled.jpg","datePublished":"2026-04-23T12:16:44+00:00","inLanguage":"fr-FR","potentialAction":[{"@type":"ReadAction","target":["https:\/\/web.umons.ac.be\/semf\/2026\/04\/23\/3346\/"]}]},{"@type":"ImageObject","inLanguage":"fr-FR","@id":"https:\/\/web.umons.ac.be\/semf\/2026\/04\/23\/3346\/#primaryimage","url":"https:\/\/web.umons.ac.be\/app\/uploads\/sites\/103\/2026\/04\/20260421_120528-scaled.jpg","contentUrl":"https:\/\/web.umons.ac.be\/app\/uploads\/sites\/103\/2026\/04\/20260421_120528-scaled.jpg","width":2560,"height":1441},{"@type":"WebSite","@id":"https:\/\/web.umons.ac.be\/semf\/#website","url":"https:\/\/web.umons.ac.be\/semf\/","name":"Service \/ FPSE - M\u00e9thodologie et formation","description":"","publisher":{"@id":"https:\/\/web.umons.ac.be\/semf\/#organization"},"potentialAction":[{"@type":"SearchAction","target":{"@type":"EntryPoint","urlTemplate":"https:\/\/web.umons.ac.be\/semf\/?s={search_term_string}"},"query-input":{"@type":"PropertyValueSpecification","valueRequired":true,"valueName":"search_term_string"}}],"inLanguage":"fr-FR"},{"@type":"Organization","@id":"https:\/\/web.umons.ac.be\/semf\/#organization","name":"Service \/ FPSE - M\u00e9thodologie et formation","url":"https:\/\/web.umons.ac.be\/semf\/","logo":{"@type":"ImageObject","inLanguage":"fr-FR","@id":"https:\/\/web.umons.ac.be\/semf\/#\/schema\/logo\/image\/","url":"https:\/\/web.umons.ac.be\/app\/uploads\/sites\/103\/2021\/11\/LOGOP316_Benoit-VANSCHOEBEKE.svg","contentUrl":"https:\/\/web.umons.ac.be\/app\/uploads\/sites\/103\/2021\/11\/LOGOP316_Benoit-VANSCHOEBEKE.svg","width":1,"height":1,"caption":"Service \/ FPSE - M\u00e9thodologie et formation"},"image":{"@id":"https:\/\/web.umons.ac.be\/semf\/#\/schema\/logo\/image\/"}},{"@type":"Person","@id":"https:\/\/web.umons.ac.be\/semf\/#\/schema\/person\/fc66023c009ec7e0a56ac48c64c3308f","name":"Anne Senecal","image":{"@type":"ImageObject","inLanguage":"fr-FR","@id":"https:\/\/secure.gravatar.com\/avatar\/f8cb2fee72dd926957939b5a98c78efc8cd4e751b381ab45ce15a5275acf1119?s=96&d=mm&r=g","url":"https:\/\/secure.gravatar.com\/avatar\/f8cb2fee72dd926957939b5a98c78efc8cd4e751b381ab45ce15a5275acf1119?s=96&d=mm&r=g","contentUrl":"https:\/\/secure.gravatar.com\/avatar\/f8cb2fee72dd926957939b5a98c78efc8cd4e751b381ab45ce15a5275acf1119?s=96&d=mm&r=g","caption":"Anne Senecal"},"url":"https:\/\/web.umons.ac.be\/semf\/author\/asenecal\/"}]}},"lang":"fr","translations":{"fr":3346},"pll_sync_post":[],"_links":{"self":[{"href":"https:\/\/web.umons.ac.be\/semf\/wp-json\/wp\/v2\/posts\/3346","targetHints":{"allow":["GET"]}}],"collection":[{"href":"https:\/\/web.umons.ac.be\/semf\/wp-json\/wp\/v2\/posts"}],"about":[{"href":"https:\/\/web.umons.ac.be\/semf\/wp-json\/wp\/v2\/types\/post"}],"author":[{"embeddable":true,"href":"https:\/\/web.umons.ac.be\/semf\/wp-json\/wp\/v2\/users\/122"}],"replies":[{"embeddable":true,"href":"https:\/\/web.umons.ac.be\/semf\/wp-json\/wp\/v2\/comments?post=3346"}],"version-history":[{"count":3,"href":"https:\/\/web.umons.ac.be\/semf\/wp-json\/wp\/v2\/posts\/3346\/revisions"}],"predecessor-version":[{"id":3354,"href":"https:\/\/web.umons.ac.be\/semf\/wp-json\/wp\/v2\/posts\/3346\/revisions\/3354"}],"wp:featuredmedia":[{"embeddable":true,"href":"https:\/\/web.umons.ac.be\/semf\/wp-json\/wp\/v2\/media\/3348"}],"wp:attachment":[{"href":"https:\/\/web.umons.ac.be\/semf\/wp-json\/wp\/v2\/media?parent=3346"}],"wp:term":[{"taxonomy":"category","embeddable":true,"href":"https:\/\/web.umons.ac.be\/semf\/wp-json\/wp\/v2\/categories?post=3346"},{"taxonomy":"post_tag","embeddable":true,"href":"https:\/\/web.umons.ac.be\/semf\/wp-json\/wp\/v2\/tags?post=3346"}],"curies":[{"name":"wp","href":"https:\/\/api.w.org\/{rel}","templated":true}]}}