{"id":1454,"date":"2023-11-24T06:27:09","date_gmt":"2023-11-24T05:27:09","guid":{"rendered":"https:\/\/web.umons.ac.be\/spcn\/?p=1454"},"modified":"2023-11-24T11:04:54","modified_gmt":"2023-11-24T10:04:54","slug":"lirritabilite-et-les-deficit-de-lattention-chez-les-enfants-de-8-a-11-ans-nouvelle-publication","status":"publish","type":"post","link":"https:\/\/web.umons.ac.be\/spcn\/2023\/11\/24\/lirritabilite-et-les-deficit-de-lattention-chez-les-enfants-de-8-a-11-ans-nouvelle-publication\/","title":{"rendered":"L&rsquo;irritabilit\u00e9 et les d\u00e9ficit de l&rsquo;attention chez les enfants de 8 \u00e0 11 ans (Nouvelle publication)"},"content":{"rendered":"<p><span style=\"color: #5f686b;\">The Journal of Child Psychology and Psychiatry publie ce mois-ci une recherche men\u00e9e par <span class=\"accordion-tabbed__tab-mobile accordion__closed\"><span class=\"accordion-tabbed__tab-mobile accordion__closed\"><a id=\"a1_Ctrl\" class=\"author-name accordion-tabbed__control\" style=\"color: #5f686b;\" role=\"button\" href=\"https:\/\/acamh.onlinelibrary.wiley.com\/authored-by\/Bellaert\/Nellia\" data-id=\"a1\" data-db-target-for=\"a1\" aria-controls=\"a1\" aria-haspopup=\"true\">Nellia Bellaert<\/a> (Doctorante au sein du PCN), avec Kristina Morreale<\/span> et la Pr. Wan-Ling Tseng (Yale Child Study Center, Yale School of Medicine, New Haven, CT, USA). Ce passionnant article, intitul\u00e9 \u00ab\u00a0Peer functioning difficulties may exacerbate symptoms of attention-deficit\/hyperactivity disorder and irritability over time: a temporal network analysis\u00a0\u00bb relate une \u00e9tude r\u00e9alis\u00e9e par Nellia Bellaert pendant son s\u00e9jour de recherche \u00e0 la Yale School of Medecine.<br \/>\n<\/span><\/span><\/p>\n<p><span style=\"color: #5f686b;\">Cette \u00e9tude explore les associations temporelles entre les sympt\u00f4mes du trouble d\u00e9ficitaire de l&rsquo;attention\/hyperactivit\u00e9 (TDAH), l&rsquo;irritabilit\u00e9 et le fonctionnement social chez les enfants. Au total, 739 enfants \u00e2g\u00e9s de 8 \u00e0 11 ans ont \u00e9t\u00e9 \u00e9valu\u00e9 \u00e0 trois moments diff\u00e9rents, tous les 6 mois. Les parents ont rapport\u00e9 les comportements li\u00e9s au TDAH et \u00e0 l&rsquo;irritabilit\u00e9, tandis que les interactions sociales des enfants (comme le fait d&rsquo;\u00eatre accept\u00e9 ou rejet\u00e9 par les pairs) ont \u00e9t\u00e9 mesur\u00e9es par les nominations des autres enfants de leur classe.<\/span><\/p>\n<p><span style=\"color: #5f686b;\">Les r\u00e9sultats r\u00e9v\u00e8lent que des difficult\u00e9s dans le fonctionnement social contribuent \u00e0 l&rsquo;aggravation des sympt\u00f4mes au fil du temps. Par exemple, \u00eatre victime de violence physique pr\u00e9dit une augmentation de l&rsquo;inattention, de l&rsquo;hyperactivit\u00e9 et de l&rsquo;irritabilit\u00e9. En revanche, \u00eatre accept\u00e9 par ses pairs pr\u00e9dit une diminution de l&rsquo;inattention et de l&rsquo;irritabilit\u00e9. Ces r\u00e9sultats sugg\u00e8rent qu&rsquo;un environnement social n\u00e9gatif peut aggraver les sympt\u00f4mes du TDAH et de l&rsquo;irritabilit\u00e9, tandis que des interactions sociales positives peuvent les am\u00e9liorer. Ainsi, les chercheurs ont conclu que le renforcement des comp\u00e9tences socio-\u00e9motionnelles et la cr\u00e9ation d&rsquo;environnements sociaux positifs pourraient \u00eatre des cibles prometteuses pour les interventions futures visant \u00e0 r\u00e9duire les sympt\u00f4mes.<\/span><\/p>\n<p><span style=\"color: #5f686b;\">L&rsquo;article est en ligne sur le <\/span><a href=\"https:\/\/acamh.onlinelibrary.wiley.com\/doi\/10.1111\/jcpp.13911\"><span style=\"color: #5f686b;\">site de l&rsquo;ACAMH.<\/span><\/a><\/p>\n<p><img loading=\"lazy\" decoding=\"async\" class=\"alignnone wp-image-1455 size-large\" src=\"https:\/\/web.umons.ac.be\/app\/uploads\/sites\/64\/2023\/11\/article-2023_3-1024x576.jpg\" alt=\"\" width=\"1024\" height=\"576\" srcset=\"https:\/\/web.umons.ac.be\/app\/uploads\/sites\/64\/2023\/11\/article-2023_3-1024x576.jpg 1024w, https:\/\/web.umons.ac.be\/app\/uploads\/sites\/64\/2023\/11\/article-2023_3-300x169.jpg 300w, https:\/\/web.umons.ac.be\/app\/uploads\/sites\/64\/2023\/11\/article-2023_3-768x432.jpg 768w, https:\/\/web.umons.ac.be\/app\/uploads\/sites\/64\/2023\/11\/article-2023_3-1173x660.jpg 1173w, https:\/\/web.umons.ac.be\/app\/uploads\/sites\/64\/2023\/11\/article-2023_3-30x17.jpg 30w, https:\/\/web.umons.ac.be\/app\/uploads\/sites\/64\/2023\/11\/article-2023_3-60x34.jpg 60w, https:\/\/web.umons.ac.be\/app\/uploads\/sites\/64\/2023\/11\/article-2023_3-360x203.jpg 360w, https:\/\/web.umons.ac.be\/app\/uploads\/sites\/64\/2023\/11\/article-2023_3.jpg 1280w\" sizes=\"auto, (max-width: 1024px) 100vw, 1024px\" \/><\/p>\n","protected":false},"excerpt":{"rendered":"<p>The Journal of Child Psychology and Psychiatry publie ce mois-ci une recherche men\u00e9e par Nellia Bellaert (Doctorante au sein du PCN), avec Kristina Morreale et la Pr. Wan-Ling Tseng (Yale Child Study Center, Yale School of Medicine, New Haven, CT, USA). Ce passionnant article, intitul\u00e9 \u00ab\u00a0Peer functioning difficulties may exacerbate symptoms of attention-deficit\/hyperactivity disorder and [&hellip;]<\/p>\n","protected":false},"author":127,"featured_media":1455,"comment_status":"open","ping_status":"open","sticky":false,"template":"","format":"standard","meta":{"footnotes":""},"categories":[1],"tags":[],"class_list":["post-1454","post","type-post","status-publish","format-standard","has-post-thumbnail","hentry","category-non-classe"],"yoast_head":"<!-- This site is optimized with the Yoast SEO plugin v27.2 - https:\/\/yoast.com\/product\/yoast-seo-wordpress\/ -->\n<title>L&#039;irritabilit\u00e9 et les d\u00e9ficit de l&#039;attention chez les enfants de 8 \u00e0 11 ans (Nouvelle publication) - Service \/ FPSE - Psychologie cognitive et Neuropsychologie<\/title>\n<meta name=\"robots\" content=\"index, follow, max-snippet:-1, max-image-preview:large, max-video-preview:-1\" \/>\n<link rel=\"canonical\" href=\"https:\/\/web.umons.ac.be\/spcn\/2023\/11\/24\/lirritabilite-et-les-deficit-de-lattention-chez-les-enfants-de-8-a-11-ans-nouvelle-publication\/\" \/>\n<meta property=\"og:locale\" content=\"fr_FR\" \/>\n<meta property=\"og:type\" content=\"article\" \/>\n<meta property=\"og:title\" content=\"L&#039;irritabilit\u00e9 et les d\u00e9ficit de l&#039;attention chez les enfants de 8 \u00e0 11 ans (Nouvelle publication) - Service \/ FPSE - Psychologie cognitive et Neuropsychologie\" \/>\n<meta property=\"og:description\" content=\"The Journal of Child Psychology and Psychiatry publie ce mois-ci une recherche men\u00e9e par Nellia Bellaert (Doctorante au sein du PCN), avec Kristina Morreale et la Pr. Wan-Ling Tseng (Yale Child Study Center, Yale School of Medicine, New Haven, CT, USA). Ce passionnant article, intitul\u00e9 \u00ab\u00a0Peer functioning difficulties may exacerbate symptoms of attention-deficit\/hyperactivity disorder and [&hellip;]\" \/>\n<meta property=\"og:url\" content=\"https:\/\/web.umons.ac.be\/spcn\/2023\/11\/24\/lirritabilite-et-les-deficit-de-lattention-chez-les-enfants-de-8-a-11-ans-nouvelle-publication\/\" \/>\n<meta property=\"og:site_name\" content=\"Service \/ FPSE - Psychologie cognitive et Neuropsychologie\" \/>\n<meta property=\"article:publisher\" content=\"https:\/\/www.facebook.com\/pcnumons\" \/>\n<meta property=\"article:published_time\" content=\"2023-11-24T05:27:09+00:00\" \/>\n<meta property=\"article:modified_time\" content=\"2023-11-24T10:04:54+00:00\" \/>\n<meta property=\"og:image\" content=\"https:\/\/web.umons.ac.be\/app\/uploads\/sites\/64\/2023\/11\/article-2023_3.jpg\" \/>\n\t<meta property=\"og:image:width\" content=\"1280\" \/>\n\t<meta property=\"og:image:height\" content=\"720\" \/>\n\t<meta property=\"og:image:type\" content=\"image\/jpeg\" \/>\n<meta name=\"author\" content=\"Sandra Invernizzi\" \/>\n<meta name=\"twitter:card\" content=\"summary_large_image\" \/>\n<meta name=\"twitter:label1\" content=\"\u00c9crit par\" \/>\n\t<meta name=\"twitter:data1\" content=\"Sandra Invernizzi\" \/>\n\t<meta name=\"twitter:label2\" content=\"Dur\u00e9e de lecture estim\u00e9e\" \/>\n\t<meta name=\"twitter:data2\" content=\"2 minutes\" \/>\n<script type=\"application\/ld+json\" class=\"yoast-schema-graph\">{\"@context\":\"https:\/\/schema.org\",\"@graph\":[{\"@type\":\"Article\",\"@id\":\"https:\/\/web.umons.ac.be\/spcn\/2023\/11\/24\/lirritabilite-et-les-deficit-de-lattention-chez-les-enfants-de-8-a-11-ans-nouvelle-publication\/#article\",\"isPartOf\":{\"@id\":\"https:\/\/web.umons.ac.be\/spcn\/2023\/11\/24\/lirritabilite-et-les-deficit-de-lattention-chez-les-enfants-de-8-a-11-ans-nouvelle-publication\/\"},\"author\":{\"name\":\"Sandra Invernizzi\",\"@id\":\"https:\/\/web.umons.ac.be\/spcn\/#\/schema\/person\/42f466ef43142de07fe1f71530cc44c3\"},\"headline\":\"L&rsquo;irritabilit\u00e9 et les d\u00e9ficit de l&rsquo;attention chez les enfants de 8 \u00e0 11 ans (Nouvelle publication)\",\"datePublished\":\"2023-11-24T05:27:09+00:00\",\"dateModified\":\"2023-11-24T10:04:54+00:00\",\"mainEntityOfPage\":{\"@id\":\"https:\/\/web.umons.ac.be\/spcn\/2023\/11\/24\/lirritabilite-et-les-deficit-de-lattention-chez-les-enfants-de-8-a-11-ans-nouvelle-publication\/\"},\"wordCount\":331,\"commentCount\":0,\"image\":{\"@id\":\"https:\/\/web.umons.ac.be\/spcn\/2023\/11\/24\/lirritabilite-et-les-deficit-de-lattention-chez-les-enfants-de-8-a-11-ans-nouvelle-publication\/#primaryimage\"},\"thumbnailUrl\":\"https:\/\/web.umons.ac.be\/app\/uploads\/sites\/64\/2023\/11\/article-2023_3.jpg\",\"inLanguage\":\"fr-FR\",\"potentialAction\":[{\"@type\":\"CommentAction\",\"name\":\"Comment\",\"target\":[\"https:\/\/web.umons.ac.be\/spcn\/2023\/11\/24\/lirritabilite-et-les-deficit-de-lattention-chez-les-enfants-de-8-a-11-ans-nouvelle-publication\/#respond\"]}]},{\"@type\":\"WebPage\",\"@id\":\"https:\/\/web.umons.ac.be\/spcn\/2023\/11\/24\/lirritabilite-et-les-deficit-de-lattention-chez-les-enfants-de-8-a-11-ans-nouvelle-publication\/\",\"url\":\"https:\/\/web.umons.ac.be\/spcn\/2023\/11\/24\/lirritabilite-et-les-deficit-de-lattention-chez-les-enfants-de-8-a-11-ans-nouvelle-publication\/\",\"name\":\"L'irritabilit\u00e9 et les d\u00e9ficit de l'attention chez les enfants de 8 \u00e0 11 ans (Nouvelle publication) - Service \/ FPSE - Psychologie cognitive et Neuropsychologie\",\"isPartOf\":{\"@id\":\"https:\/\/web.umons.ac.be\/spcn\/#website\"},\"primaryImageOfPage\":{\"@id\":\"https:\/\/web.umons.ac.be\/spcn\/2023\/11\/24\/lirritabilite-et-les-deficit-de-lattention-chez-les-enfants-de-8-a-11-ans-nouvelle-publication\/#primaryimage\"},\"image\":{\"@id\":\"https:\/\/web.umons.ac.be\/spcn\/2023\/11\/24\/lirritabilite-et-les-deficit-de-lattention-chez-les-enfants-de-8-a-11-ans-nouvelle-publication\/#primaryimage\"},\"thumbnailUrl\":\"https:\/\/web.umons.ac.be\/app\/uploads\/sites\/64\/2023\/11\/article-2023_3.jpg\",\"datePublished\":\"2023-11-24T05:27:09+00:00\",\"dateModified\":\"2023-11-24T10:04:54+00:00\",\"author\":{\"@id\":\"https:\/\/web.umons.ac.be\/spcn\/#\/schema\/person\/42f466ef43142de07fe1f71530cc44c3\"},\"breadcrumb\":{\"@id\":\"https:\/\/web.umons.ac.be\/spcn\/2023\/11\/24\/lirritabilite-et-les-deficit-de-lattention-chez-les-enfants-de-8-a-11-ans-nouvelle-publication\/#breadcrumb\"},\"inLanguage\":\"fr-FR\",\"potentialAction\":[{\"@type\":\"ReadAction\",\"target\":[\"https:\/\/web.umons.ac.be\/spcn\/2023\/11\/24\/lirritabilite-et-les-deficit-de-lattention-chez-les-enfants-de-8-a-11-ans-nouvelle-publication\/\"]}]},{\"@type\":\"ImageObject\",\"inLanguage\":\"fr-FR\",\"@id\":\"https:\/\/web.umons.ac.be\/spcn\/2023\/11\/24\/lirritabilite-et-les-deficit-de-lattention-chez-les-enfants-de-8-a-11-ans-nouvelle-publication\/#primaryimage\",\"url\":\"https:\/\/web.umons.ac.be\/app\/uploads\/sites\/64\/2023\/11\/article-2023_3.jpg\",\"contentUrl\":\"https:\/\/web.umons.ac.be\/app\/uploads\/sites\/64\/2023\/11\/article-2023_3.jpg\",\"width\":1280,\"height\":720},{\"@type\":\"BreadcrumbList\",\"@id\":\"https:\/\/web.umons.ac.be\/spcn\/2023\/11\/24\/lirritabilite-et-les-deficit-de-lattention-chez-les-enfants-de-8-a-11-ans-nouvelle-publication\/#breadcrumb\",\"itemListElement\":[{\"@type\":\"ListItem\",\"position\":1,\"name\":\"Home\",\"item\":\"https:\/\/web.umons.ac.be\/spcn\/\"},{\"@type\":\"ListItem\",\"position\":2,\"name\":\"L&rsquo;irritabilit\u00e9 et les d\u00e9ficit de l&rsquo;attention chez les enfants de 8 \u00e0 11 ans (Nouvelle publication)\"}]},{\"@type\":\"WebSite\",\"@id\":\"https:\/\/web.umons.ac.be\/spcn\/#website\",\"url\":\"https:\/\/web.umons.ac.be\/spcn\/\",\"name\":\"Service \/ FPSE - Psychologie cognitive et Neuropsychologie\",\"description\":\"\",\"potentialAction\":[{\"@type\":\"SearchAction\",\"target\":{\"@type\":\"EntryPoint\",\"urlTemplate\":\"https:\/\/web.umons.ac.be\/spcn\/?s={search_term_string}\"},\"query-input\":{\"@type\":\"PropertyValueSpecification\",\"valueRequired\":true,\"valueName\":\"search_term_string\"}}],\"inLanguage\":\"fr-FR\"},{\"@type\":\"Person\",\"@id\":\"https:\/\/web.umons.ac.be\/spcn\/#\/schema\/person\/42f466ef43142de07fe1f71530cc44c3\",\"name\":\"Sandra Invernizzi\",\"image\":{\"@type\":\"ImageObject\",\"inLanguage\":\"fr-FR\",\"@id\":\"https:\/\/secure.gravatar.com\/avatar\/43cf9089d86bfbda6c1df1df1cd7fadf8caa996970c9805a5d468043f9959ca8?s=96&d=mm&r=g\",\"url\":\"https:\/\/secure.gravatar.com\/avatar\/43cf9089d86bfbda6c1df1df1cd7fadf8caa996970c9805a5d468043f9959ca8?s=96&d=mm&r=g\",\"contentUrl\":\"https:\/\/secure.gravatar.com\/avatar\/43cf9089d86bfbda6c1df1df1cd7fadf8caa996970c9805a5d468043f9959ca8?s=96&d=mm&r=g\",\"caption\":\"Sandra Invernizzi\"},\"url\":\"https:\/\/web.umons.ac.be\/spcn\/author\/sinvernizzi\/\"}]}<\/script>\n<!-- \/ Yoast SEO plugin. -->","yoast_head_json":{"title":"L'irritabilit\u00e9 et les d\u00e9ficit de l'attention chez les enfants de 8 \u00e0 11 ans (Nouvelle publication) - Service \/ FPSE - Psychologie cognitive et Neuropsychologie","robots":{"index":"index","follow":"follow","max-snippet":"max-snippet:-1","max-image-preview":"max-image-preview:large","max-video-preview":"max-video-preview:-1"},"canonical":"https:\/\/web.umons.ac.be\/spcn\/2023\/11\/24\/lirritabilite-et-les-deficit-de-lattention-chez-les-enfants-de-8-a-11-ans-nouvelle-publication\/","og_locale":"fr_FR","og_type":"article","og_title":"L'irritabilit\u00e9 et les d\u00e9ficit de l'attention chez les enfants de 8 \u00e0 11 ans (Nouvelle publication) - Service \/ FPSE - Psychologie cognitive et Neuropsychologie","og_description":"The Journal of Child Psychology and Psychiatry publie ce mois-ci une recherche men\u00e9e par Nellia Bellaert (Doctorante au sein du PCN), avec Kristina Morreale et la Pr. Wan-Ling Tseng (Yale Child Study Center, Yale School of Medicine, New Haven, CT, USA). Ce passionnant article, intitul\u00e9 \u00ab\u00a0Peer functioning difficulties may exacerbate symptoms of attention-deficit\/hyperactivity disorder and [&hellip;]","og_url":"https:\/\/web.umons.ac.be\/spcn\/2023\/11\/24\/lirritabilite-et-les-deficit-de-lattention-chez-les-enfants-de-8-a-11-ans-nouvelle-publication\/","og_site_name":"Service \/ FPSE - Psychologie cognitive et Neuropsychologie","article_publisher":"https:\/\/www.facebook.com\/pcnumons","article_published_time":"2023-11-24T05:27:09+00:00","article_modified_time":"2023-11-24T10:04:54+00:00","og_image":[{"width":1280,"height":720,"url":"https:\/\/web.umons.ac.be\/app\/uploads\/sites\/64\/2023\/11\/article-2023_3.jpg","type":"image\/jpeg"}],"author":"Sandra Invernizzi","twitter_card":"summary_large_image","twitter_misc":{"\u00c9crit par":"Sandra Invernizzi","Dur\u00e9e de lecture estim\u00e9e":"2 minutes"},"schema":{"@context":"https:\/\/schema.org","@graph":[{"@type":"Article","@id":"https:\/\/web.umons.ac.be\/spcn\/2023\/11\/24\/lirritabilite-et-les-deficit-de-lattention-chez-les-enfants-de-8-a-11-ans-nouvelle-publication\/#article","isPartOf":{"@id":"https:\/\/web.umons.ac.be\/spcn\/2023\/11\/24\/lirritabilite-et-les-deficit-de-lattention-chez-les-enfants-de-8-a-11-ans-nouvelle-publication\/"},"author":{"name":"Sandra Invernizzi","@id":"https:\/\/web.umons.ac.be\/spcn\/#\/schema\/person\/42f466ef43142de07fe1f71530cc44c3"},"headline":"L&rsquo;irritabilit\u00e9 et les d\u00e9ficit de l&rsquo;attention chez les enfants de 8 \u00e0 11 ans (Nouvelle publication)","datePublished":"2023-11-24T05:27:09+00:00","dateModified":"2023-11-24T10:04:54+00:00","mainEntityOfPage":{"@id":"https:\/\/web.umons.ac.be\/spcn\/2023\/11\/24\/lirritabilite-et-les-deficit-de-lattention-chez-les-enfants-de-8-a-11-ans-nouvelle-publication\/"},"wordCount":331,"commentCount":0,"image":{"@id":"https:\/\/web.umons.ac.be\/spcn\/2023\/11\/24\/lirritabilite-et-les-deficit-de-lattention-chez-les-enfants-de-8-a-11-ans-nouvelle-publication\/#primaryimage"},"thumbnailUrl":"https:\/\/web.umons.ac.be\/app\/uploads\/sites\/64\/2023\/11\/article-2023_3.jpg","inLanguage":"fr-FR","potentialAction":[{"@type":"CommentAction","name":"Comment","target":["https:\/\/web.umons.ac.be\/spcn\/2023\/11\/24\/lirritabilite-et-les-deficit-de-lattention-chez-les-enfants-de-8-a-11-ans-nouvelle-publication\/#respond"]}]},{"@type":"WebPage","@id":"https:\/\/web.umons.ac.be\/spcn\/2023\/11\/24\/lirritabilite-et-les-deficit-de-lattention-chez-les-enfants-de-8-a-11-ans-nouvelle-publication\/","url":"https:\/\/web.umons.ac.be\/spcn\/2023\/11\/24\/lirritabilite-et-les-deficit-de-lattention-chez-les-enfants-de-8-a-11-ans-nouvelle-publication\/","name":"L'irritabilit\u00e9 et les d\u00e9ficit de l'attention chez les enfants de 8 \u00e0 11 ans (Nouvelle publication) - Service \/ FPSE - Psychologie cognitive et Neuropsychologie","isPartOf":{"@id":"https:\/\/web.umons.ac.be\/spcn\/#website"},"primaryImageOfPage":{"@id":"https:\/\/web.umons.ac.be\/spcn\/2023\/11\/24\/lirritabilite-et-les-deficit-de-lattention-chez-les-enfants-de-8-a-11-ans-nouvelle-publication\/#primaryimage"},"image":{"@id":"https:\/\/web.umons.ac.be\/spcn\/2023\/11\/24\/lirritabilite-et-les-deficit-de-lattention-chez-les-enfants-de-8-a-11-ans-nouvelle-publication\/#primaryimage"},"thumbnailUrl":"https:\/\/web.umons.ac.be\/app\/uploads\/sites\/64\/2023\/11\/article-2023_3.jpg","datePublished":"2023-11-24T05:27:09+00:00","dateModified":"2023-11-24T10:04:54+00:00","author":{"@id":"https:\/\/web.umons.ac.be\/spcn\/#\/schema\/person\/42f466ef43142de07fe1f71530cc44c3"},"breadcrumb":{"@id":"https:\/\/web.umons.ac.be\/spcn\/2023\/11\/24\/lirritabilite-et-les-deficit-de-lattention-chez-les-enfants-de-8-a-11-ans-nouvelle-publication\/#breadcrumb"},"inLanguage":"fr-FR","potentialAction":[{"@type":"ReadAction","target":["https:\/\/web.umons.ac.be\/spcn\/2023\/11\/24\/lirritabilite-et-les-deficit-de-lattention-chez-les-enfants-de-8-a-11-ans-nouvelle-publication\/"]}]},{"@type":"ImageObject","inLanguage":"fr-FR","@id":"https:\/\/web.umons.ac.be\/spcn\/2023\/11\/24\/lirritabilite-et-les-deficit-de-lattention-chez-les-enfants-de-8-a-11-ans-nouvelle-publication\/#primaryimage","url":"https:\/\/web.umons.ac.be\/app\/uploads\/sites\/64\/2023\/11\/article-2023_3.jpg","contentUrl":"https:\/\/web.umons.ac.be\/app\/uploads\/sites\/64\/2023\/11\/article-2023_3.jpg","width":1280,"height":720},{"@type":"BreadcrumbList","@id":"https:\/\/web.umons.ac.be\/spcn\/2023\/11\/24\/lirritabilite-et-les-deficit-de-lattention-chez-les-enfants-de-8-a-11-ans-nouvelle-publication\/#breadcrumb","itemListElement":[{"@type":"ListItem","position":1,"name":"Home","item":"https:\/\/web.umons.ac.be\/spcn\/"},{"@type":"ListItem","position":2,"name":"L&rsquo;irritabilit\u00e9 et les d\u00e9ficit de l&rsquo;attention chez les enfants de 8 \u00e0 11 ans (Nouvelle publication)"}]},{"@type":"WebSite","@id":"https:\/\/web.umons.ac.be\/spcn\/#website","url":"https:\/\/web.umons.ac.be\/spcn\/","name":"Service \/ FPSE - Psychologie cognitive et Neuropsychologie","description":"","potentialAction":[{"@type":"SearchAction","target":{"@type":"EntryPoint","urlTemplate":"https:\/\/web.umons.ac.be\/spcn\/?s={search_term_string}"},"query-input":{"@type":"PropertyValueSpecification","valueRequired":true,"valueName":"search_term_string"}}],"inLanguage":"fr-FR"},{"@type":"Person","@id":"https:\/\/web.umons.ac.be\/spcn\/#\/schema\/person\/42f466ef43142de07fe1f71530cc44c3","name":"Sandra Invernizzi","image":{"@type":"ImageObject","inLanguage":"fr-FR","@id":"https:\/\/secure.gravatar.com\/avatar\/43cf9089d86bfbda6c1df1df1cd7fadf8caa996970c9805a5d468043f9959ca8?s=96&d=mm&r=g","url":"https:\/\/secure.gravatar.com\/avatar\/43cf9089d86bfbda6c1df1df1cd7fadf8caa996970c9805a5d468043f9959ca8?s=96&d=mm&r=g","contentUrl":"https:\/\/secure.gravatar.com\/avatar\/43cf9089d86bfbda6c1df1df1cd7fadf8caa996970c9805a5d468043f9959ca8?s=96&d=mm&r=g","caption":"Sandra Invernizzi"},"url":"https:\/\/web.umons.ac.be\/spcn\/author\/sinvernizzi\/"}]}},"lang":"fr","translations":{"fr":1454},"pll_sync_post":[],"_links":{"self":[{"href":"https:\/\/web.umons.ac.be\/spcn\/wp-json\/wp\/v2\/posts\/1454","targetHints":{"allow":["GET"]}}],"collection":[{"href":"https:\/\/web.umons.ac.be\/spcn\/wp-json\/wp\/v2\/posts"}],"about":[{"href":"https:\/\/web.umons.ac.be\/spcn\/wp-json\/wp\/v2\/types\/post"}],"author":[{"embeddable":true,"href":"https:\/\/web.umons.ac.be\/spcn\/wp-json\/wp\/v2\/users\/127"}],"replies":[{"embeddable":true,"href":"https:\/\/web.umons.ac.be\/spcn\/wp-json\/wp\/v2\/comments?post=1454"}],"version-history":[{"count":2,"href":"https:\/\/web.umons.ac.be\/spcn\/wp-json\/wp\/v2\/posts\/1454\/revisions"}],"predecessor-version":[{"id":1457,"href":"https:\/\/web.umons.ac.be\/spcn\/wp-json\/wp\/v2\/posts\/1454\/revisions\/1457"}],"wp:featuredmedia":[{"embeddable":true,"href":"https:\/\/web.umons.ac.be\/spcn\/wp-json\/wp\/v2\/media\/1455"}],"wp:attachment":[{"href":"https:\/\/web.umons.ac.be\/spcn\/wp-json\/wp\/v2\/media?parent=1454"}],"wp:term":[{"taxonomy":"category","embeddable":true,"href":"https:\/\/web.umons.ac.be\/spcn\/wp-json\/wp\/v2\/categories?post=1454"},{"taxonomy":"post_tag","embeddable":true,"href":"https:\/\/web.umons.ac.be\/spcn\/wp-json\/wp\/v2\/tags?post=1454"}],"curies":[{"name":"wp","href":"https:\/\/api.w.org\/{rel}","templated":true}]}}