{"id":970,"date":"2022-11-07T21:26:37","date_gmt":"2022-11-07T20:26:37","guid":{"rendered":"https:\/\/web.umons.ac.be\/spcn\/?p=970"},"modified":"2022-11-08T09:34:09","modified_gmt":"2022-11-08T08:34:09","slug":"appel-a-candidature-doctorat","status":"publish","type":"post","link":"https:\/\/web.umons.ac.be\/spcn\/2022\/11\/07\/appel-a-candidature-doctorat\/","title":{"rendered":"Appel \u00e0 candidature doctorat"},"content":{"rendered":"<p><em><strong>English version below <\/strong><\/em><\/p>\n<p>Une bourse de doctorat temps plein dans le cadre d\u2019un projet financ\u00e9 par le SAO-FRA d\u2019une dur\u00e9e de deux ans sera prochainement disponible au sein du laboratoire de Psychologie Cognitive et Neuropsychologie de l\u2019Universit\u00e9 de Mons (d\u00e9but du contrat : 9 janvier 2023)<\/p>\n<p class=\"xx\">Titre de la th\u00e8se : Investigating how alternative semantic memory care programs moderate the decline of lexico-semantic disorders in Alzheimer&rsquo;s disease<\/p>\n<p class=\"xx\">Promoteur : Isabelle SIMOES LOUREIRO, PhD, Cognitive psychology and Neuropsychology Department, FPSE, UMONS<\/p>\n<p class=\"xx\">Objective: The general aim of this research is to develop better semantic memory care strategies for Alzheimer\u2019s disease patients (AD). Indeed, semantic memory loss in AD has a major impact on life quality. When loosing words and their sense, AD patients progressively loose communication and interactions with their environment. Also, language difficulties ineluctably worsen with the evolution of the disease but can be moderate by care strategies. More specific aims of our research are to compare different semantic memory care programs (\u00ab\u00a0Semantic Features Analysis\u201d therapy, sensorimotor stimulation therapy and mixed interventions) to identify better evidenced-based practices to slow down the lexico-semantic decline and further propose better care strategies.<\/p>\n<p>&nbsp;<\/p>\n<h2 class=\"xx\">Profil souhait\u00e9 pour le poste :<\/h2>\n<ul>\n<li class=\"xx\">Dipl\u00f4me de Master en Sciences Psychologiques (orientation neuropsychologie).<\/li>\n<li class=\"xx\">Connaissances relatives \u00e0 la m\u00e9moire s\u00e9mantique<\/li>\n<li class=\"xx\">Int\u00e9r\u00eat pour la prise en charge (le candidat sera amen\u00e9 \u00e0 r\u00e9aliser les prises en charge aupr\u00e8s de 30 patients atteints de MA)<\/li>\n<li class=\"xx\">Int\u00e9r\u00eat pour la recherche en neuropsychologie<\/li>\n<li class=\"xx\">Exp\u00e9rience clinique en neuropsychologie<\/li>\n<li class=\"xx\">Exp\u00e9rience aupr\u00e8s de patients pr\u00e9sentant une maladie d\u2019Alzheimer<\/li>\n<li class=\"xx\">Maitrise du fran\u00e7ais indispensable<\/li>\n<li class=\"xx\">Bonne connaissance de l\u2019anglais indispensable<\/li>\n<li class=\"xx\">Connaissances et int\u00e9r\u00eat pour les statistiques<\/li>\n<\/ul>\n<p class=\"xx\">Le candidat sera amen\u00e9 \u00e0 solliciter des fonds compl\u00e9mentaires durant la p\u00e9riode de financement.<\/p>\n<h2 class=\"xx\">Conditions pour postuler :<\/h2>\n<p class=\"xx\">Les candidats int\u00e9ress\u00e9s peuvent envoyer leur CV accompagn\u00e9 d\u2019une lettre de motivation, le.s dipl\u00f4me.s ainsi que le nom et les coordonn\u00e9es de 2 personnes de r\u00e9f\u00e9rence \u00e0 Isabelle Simoes Loureiro (<a href=\"mailto:isabelle.simoesloureiro@umons.ac.be\" target=\"_blank\" rel=\"noopener\">isabelle.simoesloureiro@umons.ac.be<\/a>) <u>avant le 18 novembre 2022.<\/u><\/p>\n<hr \/>\n<h1><em><strong>English version<\/strong><\/em><\/h1>\n<p>PhD student position<\/p>\n<p>Recruitment offer for a PhD student within the Cognitive Psychology and Neuropsychology laboratory of the University of Mons (Belgium):<\/p>\n<p>A full-time PhD scholarship in the framework of a two-year SAO-FRA funded project will soon be available in the Cognitive Psychology and Neuropsychology laboratory of the University of Mons (contract start: January 9, 2023)<\/p>\n<p>Title of the thesis: Investigating how alternative semantic memory care programs moderate the decline of lexico-semantic disorders in Alzheimer&rsquo;s disease<\/p>\n<p>Promoter : Isabelle SIMOES LOUREIRO, PhD, Cognitive psychology and Neuropsychology Department, FPSE, UMONS)<\/p>\n<p>Objective: The general aim of this research is to develop better semantic memory care strategies for Alzheimer&rsquo;s disease patients (AD). Indeed, semantic memory loss in AD has a major impact on life quality. When loosing words and their sense, AD patients progressively loose communication and interactions with their environment. Also, language difficulties ineluctably worsen with the evolution of the disease but can be moderate by care strategies. More specific aims of our research are to compare different semantic memory care programs (\u00ab\u00a0Semantic Features Analysis\u00a0\u00bb therapy, sensorimotor stimulation therapy and mixed interventions) to identify better evidenced-based practices to slow down the lexico-semantic decline and further propose better care strategies<\/p>\n<h2>Profile for the position:<\/h2>\n<p>&#8211; Master&rsquo;s degree in Psychological Sciences (neuropsychology orientation).<\/p>\n<p>&#8211; Knowledge of semantic memory<\/p>\n<p>&#8211; Interest in care for Alzheimer\u2019s disease patients (the candidate will be responsible for the management of 30 AD patients)<\/p>\n<p>&#8211; Interest in research in neuropsychology<\/p>\n<p>&#8211; Clinical experience in neuropsychology<\/p>\n<p>&#8211; Experience with patients with Alzheimer&rsquo;s disease<\/p>\n<p>&#8211; Fluency in French is essential<\/p>\n<p>&#8211; Good knowledge of English is essential<\/p>\n<p>&#8211; Statistical skills<\/p>\n<h2>Application:<\/h2>\n<p>The applicant will be required to apply for additional funds during the funding period.<\/p>\n<p>In your application, include a cover letter, your CV, and the names and contacts of up to 2 references, as well as all certificates, via email to Isabelle Simoes Loureiro (<a href=\"mailto:isabelle.simoesloureiro@umons.ac.be\">isabelle.simoesloureiro@umons.ac.be<\/a>) <u>before November 18, 2022.<\/u><\/p>\n<div id=\"ConnectiveDocSignExtentionInstalled\" data-extension-version=\"1.0.4\"><\/div>\n","protected":false},"excerpt":{"rendered":"<p>Bonne nouvelle pour notre laboratoire ! Isabelle Simoes Loureiro, charg\u00e9e de cours , a \u00e9t\u00e9 s\u00e9lectionn\u00e9e comme laur\u00e9ate par la fondation pour la maladie d&rsquo;Alzheimer SOA-FRA (https:\/\/www.stopalzheimer.be\/) pour l&rsquo;obtention d&rsquo;un prix qui financera une th\u00e8se de doctorat. Une offre d&#8217;emploi pour d\u00e9buter une th\u00e8se sous sa supervision est d\u00e8s lors lanc\u00e9e. La th\u00e8se portera sur le projet intitul\u00e9 \u00ab\u00a0Investigating how alternative semantic memory cares programs moderate the decline of lexico-semantic disorders in Alzheimer&rsquo;s disease\u00a0\u00bb<br \/>\nVous pouvez d\u00e8s \u00e0 pr\u00e9sent postuler pour un d\u00e9but du contrat au 9 janvier 2023. Pour cela, envoyez votre CV accompagn\u00e9 d\u2019une lettre de motivation, vos dipl\u00f4mes ainsi que le nom et les coordonn\u00e9es de 2 personnes de r\u00e9f\u00e9rence (isabelle.simoesloureiro@umons.ac.be) avant le 25 novembre 2022.<\/p>\n","protected":false},"author":127,"featured_media":0,"comment_status":"open","ping_status":"open","sticky":false,"template":"","format":"standard","meta":{"footnotes":""},"categories":[185,179,1,47],"tags":[],"class_list":["post-970","post","type-post","status-publish","format-standard","hentry","category-equipe-pcn","category-neuropsychologie","category-non-classe","category-recherche"],"yoast_head":"<!-- This site is optimized with the Yoast SEO plugin v27.2 - https:\/\/yoast.com\/product\/yoast-seo-wordpress\/ -->\n<title>Appel \u00e0 candidature doctorat - Service \/ FPSE - Psychologie cognitive et Neuropsychologie<\/title>\n<meta name=\"robots\" content=\"index, follow, max-snippet:-1, max-image-preview:large, max-video-preview:-1\" \/>\n<link rel=\"canonical\" href=\"https:\/\/web.umons.ac.be\/spcn\/2022\/11\/07\/appel-a-candidature-doctorat\/\" \/>\n<meta property=\"og:locale\" content=\"fr_FR\" \/>\n<meta property=\"og:type\" content=\"article\" \/>\n<meta property=\"og:title\" content=\"Appel \u00e0 candidature doctorat - Service \/ FPSE - Psychologie cognitive et Neuropsychologie\" \/>\n<meta property=\"og:description\" content=\"Bonne nouvelle pour notre laboratoire ! Isabelle Simoes Loureiro, charg\u00e9e de cours , a \u00e9t\u00e9 s\u00e9lectionn\u00e9e comme laur\u00e9ate par la fondation pour la maladie d&#039;Alzheimer SOA-FRA (https:\/\/www.stopalzheimer.be\/) pour l&#039;obtention d&#039;un prix qui financera une th\u00e8se de doctorat. Une offre d&#039;emploi pour d\u00e9buter une th\u00e8se sous sa supervision est d\u00e8s lors lanc\u00e9e. La th\u00e8se portera sur le projet intitul\u00e9 &quot;Investigating how alternative semantic memory cares programs moderate the decline of lexico-semantic disorders in Alzheimer&#039;s disease&quot; Vous pouvez d\u00e8s \u00e0 pr\u00e9sent postuler pour un d\u00e9but du contrat au 9 janvier 2023. Pour cela, envoyez votre CV accompagn\u00e9 d\u2019une lettre de motivation, vos dipl\u00f4mes ainsi que le nom et les coordonn\u00e9es de 2 personnes de r\u00e9f\u00e9rence (isabelle.simoesloureiro@umons.ac.be) avant le 25 novembre 2022.\" \/>\n<meta property=\"og:url\" content=\"https:\/\/web.umons.ac.be\/spcn\/2022\/11\/07\/appel-a-candidature-doctorat\/\" \/>\n<meta property=\"og:site_name\" content=\"Service \/ FPSE - Psychologie cognitive et Neuropsychologie\" \/>\n<meta property=\"article:publisher\" content=\"https:\/\/www.facebook.com\/pcnumons\" \/>\n<meta property=\"article:published_time\" content=\"2022-11-07T20:26:37+00:00\" \/>\n<meta property=\"article:modified_time\" content=\"2022-11-08T08:34:09+00:00\" \/>\n<meta name=\"author\" content=\"Sandra Invernizzi\" \/>\n<meta name=\"twitter:card\" content=\"summary_large_image\" \/>\n<meta name=\"twitter:label1\" content=\"\u00c9crit par\" \/>\n\t<meta name=\"twitter:data1\" content=\"Sandra Invernizzi\" \/>\n\t<meta name=\"twitter:label2\" content=\"Dur\u00e9e de lecture estim\u00e9e\" \/>\n\t<meta name=\"twitter:data2\" content=\"3 minutes\" \/>\n<script type=\"application\/ld+json\" class=\"yoast-schema-graph\">{\"@context\":\"https:\/\/schema.org\",\"@graph\":[{\"@type\":\"Article\",\"@id\":\"https:\/\/web.umons.ac.be\/spcn\/2022\/11\/07\/appel-a-candidature-doctorat\/#article\",\"isPartOf\":{\"@id\":\"https:\/\/web.umons.ac.be\/spcn\/2022\/11\/07\/appel-a-candidature-doctorat\/\"},\"author\":{\"name\":\"Sandra Invernizzi\",\"@id\":\"https:\/\/web.umons.ac.be\/spcn\/#\/schema\/person\/42f466ef43142de07fe1f71530cc44c3\"},\"headline\":\"Appel \u00e0 candidature doctorat\",\"datePublished\":\"2022-11-07T20:26:37+00:00\",\"dateModified\":\"2022-11-08T08:34:09+00:00\",\"mainEntityOfPage\":{\"@id\":\"https:\/\/web.umons.ac.be\/spcn\/2022\/11\/07\/appel-a-candidature-doctorat\/\"},\"wordCount\":670,\"commentCount\":0,\"articleSection\":{\"0\":\"Equipe PCN\",\"1\":\"Neuropsychologie\",\"3\":\"Recherche\"},\"inLanguage\":\"fr-FR\",\"potentialAction\":[{\"@type\":\"CommentAction\",\"name\":\"Comment\",\"target\":[\"https:\/\/web.umons.ac.be\/spcn\/2022\/11\/07\/appel-a-candidature-doctorat\/#respond\"]}]},{\"@type\":\"WebPage\",\"@id\":\"https:\/\/web.umons.ac.be\/spcn\/2022\/11\/07\/appel-a-candidature-doctorat\/\",\"url\":\"https:\/\/web.umons.ac.be\/spcn\/2022\/11\/07\/appel-a-candidature-doctorat\/\",\"name\":\"Appel \u00e0 candidature doctorat - Service \/ FPSE - Psychologie cognitive et Neuropsychologie\",\"isPartOf\":{\"@id\":\"https:\/\/web.umons.ac.be\/spcn\/#website\"},\"datePublished\":\"2022-11-07T20:26:37+00:00\",\"dateModified\":\"2022-11-08T08:34:09+00:00\",\"author\":{\"@id\":\"https:\/\/web.umons.ac.be\/spcn\/#\/schema\/person\/42f466ef43142de07fe1f71530cc44c3\"},\"breadcrumb\":{\"@id\":\"https:\/\/web.umons.ac.be\/spcn\/2022\/11\/07\/appel-a-candidature-doctorat\/#breadcrumb\"},\"inLanguage\":\"fr-FR\",\"potentialAction\":[{\"@type\":\"ReadAction\",\"target\":[\"https:\/\/web.umons.ac.be\/spcn\/2022\/11\/07\/appel-a-candidature-doctorat\/\"]}]},{\"@type\":\"BreadcrumbList\",\"@id\":\"https:\/\/web.umons.ac.be\/spcn\/2022\/11\/07\/appel-a-candidature-doctorat\/#breadcrumb\",\"itemListElement\":[{\"@type\":\"ListItem\",\"position\":1,\"name\":\"Home\",\"item\":\"https:\/\/web.umons.ac.be\/spcn\/\"},{\"@type\":\"ListItem\",\"position\":2,\"name\":\"Appel \u00e0 candidature doctorat\"}]},{\"@type\":\"WebSite\",\"@id\":\"https:\/\/web.umons.ac.be\/spcn\/#website\",\"url\":\"https:\/\/web.umons.ac.be\/spcn\/\",\"name\":\"Service \/ FPSE - Psychologie cognitive et Neuropsychologie\",\"description\":\"\",\"potentialAction\":[{\"@type\":\"SearchAction\",\"target\":{\"@type\":\"EntryPoint\",\"urlTemplate\":\"https:\/\/web.umons.ac.be\/spcn\/?s={search_term_string}\"},\"query-input\":{\"@type\":\"PropertyValueSpecification\",\"valueRequired\":true,\"valueName\":\"search_term_string\"}}],\"inLanguage\":\"fr-FR\"},{\"@type\":\"Person\",\"@id\":\"https:\/\/web.umons.ac.be\/spcn\/#\/schema\/person\/42f466ef43142de07fe1f71530cc44c3\",\"name\":\"Sandra Invernizzi\",\"image\":{\"@type\":\"ImageObject\",\"inLanguage\":\"fr-FR\",\"@id\":\"https:\/\/secure.gravatar.com\/avatar\/43cf9089d86bfbda6c1df1df1cd7fadf8caa996970c9805a5d468043f9959ca8?s=96&d=mm&r=g\",\"url\":\"https:\/\/secure.gravatar.com\/avatar\/43cf9089d86bfbda6c1df1df1cd7fadf8caa996970c9805a5d468043f9959ca8?s=96&d=mm&r=g\",\"contentUrl\":\"https:\/\/secure.gravatar.com\/avatar\/43cf9089d86bfbda6c1df1df1cd7fadf8caa996970c9805a5d468043f9959ca8?s=96&d=mm&r=g\",\"caption\":\"Sandra Invernizzi\"},\"url\":\"https:\/\/web.umons.ac.be\/spcn\/author\/sinvernizzi\/\"}]}<\/script>\n<!-- \/ Yoast SEO plugin. -->","yoast_head_json":{"title":"Appel \u00e0 candidature doctorat - Service \/ FPSE - Psychologie cognitive et Neuropsychologie","robots":{"index":"index","follow":"follow","max-snippet":"max-snippet:-1","max-image-preview":"max-image-preview:large","max-video-preview":"max-video-preview:-1"},"canonical":"https:\/\/web.umons.ac.be\/spcn\/2022\/11\/07\/appel-a-candidature-doctorat\/","og_locale":"fr_FR","og_type":"article","og_title":"Appel \u00e0 candidature doctorat - Service \/ FPSE - Psychologie cognitive et Neuropsychologie","og_description":"Bonne nouvelle pour notre laboratoire ! Isabelle Simoes Loureiro, charg\u00e9e de cours , a \u00e9t\u00e9 s\u00e9lectionn\u00e9e comme laur\u00e9ate par la fondation pour la maladie d'Alzheimer SOA-FRA (https:\/\/www.stopalzheimer.be\/) pour l'obtention d'un prix qui financera une th\u00e8se de doctorat. Une offre d'emploi pour d\u00e9buter une th\u00e8se sous sa supervision est d\u00e8s lors lanc\u00e9e. La th\u00e8se portera sur le projet intitul\u00e9 \"Investigating how alternative semantic memory cares programs moderate the decline of lexico-semantic disorders in Alzheimer's disease\" Vous pouvez d\u00e8s \u00e0 pr\u00e9sent postuler pour un d\u00e9but du contrat au 9 janvier 2023. Pour cela, envoyez votre CV accompagn\u00e9 d\u2019une lettre de motivation, vos dipl\u00f4mes ainsi que le nom et les coordonn\u00e9es de 2 personnes de r\u00e9f\u00e9rence (isabelle.simoesloureiro@umons.ac.be) avant le 25 novembre 2022.","og_url":"https:\/\/web.umons.ac.be\/spcn\/2022\/11\/07\/appel-a-candidature-doctorat\/","og_site_name":"Service \/ FPSE - Psychologie cognitive et Neuropsychologie","article_publisher":"https:\/\/www.facebook.com\/pcnumons","article_published_time":"2022-11-07T20:26:37+00:00","article_modified_time":"2022-11-08T08:34:09+00:00","author":"Sandra Invernizzi","twitter_card":"summary_large_image","twitter_misc":{"\u00c9crit par":"Sandra Invernizzi","Dur\u00e9e de lecture estim\u00e9e":"3 minutes"},"schema":{"@context":"https:\/\/schema.org","@graph":[{"@type":"Article","@id":"https:\/\/web.umons.ac.be\/spcn\/2022\/11\/07\/appel-a-candidature-doctorat\/#article","isPartOf":{"@id":"https:\/\/web.umons.ac.be\/spcn\/2022\/11\/07\/appel-a-candidature-doctorat\/"},"author":{"name":"Sandra Invernizzi","@id":"https:\/\/web.umons.ac.be\/spcn\/#\/schema\/person\/42f466ef43142de07fe1f71530cc44c3"},"headline":"Appel \u00e0 candidature doctorat","datePublished":"2022-11-07T20:26:37+00:00","dateModified":"2022-11-08T08:34:09+00:00","mainEntityOfPage":{"@id":"https:\/\/web.umons.ac.be\/spcn\/2022\/11\/07\/appel-a-candidature-doctorat\/"},"wordCount":670,"commentCount":0,"articleSection":{"0":"Equipe PCN","1":"Neuropsychologie","3":"Recherche"},"inLanguage":"fr-FR","potentialAction":[{"@type":"CommentAction","name":"Comment","target":["https:\/\/web.umons.ac.be\/spcn\/2022\/11\/07\/appel-a-candidature-doctorat\/#respond"]}]},{"@type":"WebPage","@id":"https:\/\/web.umons.ac.be\/spcn\/2022\/11\/07\/appel-a-candidature-doctorat\/","url":"https:\/\/web.umons.ac.be\/spcn\/2022\/11\/07\/appel-a-candidature-doctorat\/","name":"Appel \u00e0 candidature doctorat - Service \/ FPSE - Psychologie cognitive et Neuropsychologie","isPartOf":{"@id":"https:\/\/web.umons.ac.be\/spcn\/#website"},"datePublished":"2022-11-07T20:26:37+00:00","dateModified":"2022-11-08T08:34:09+00:00","author":{"@id":"https:\/\/web.umons.ac.be\/spcn\/#\/schema\/person\/42f466ef43142de07fe1f71530cc44c3"},"breadcrumb":{"@id":"https:\/\/web.umons.ac.be\/spcn\/2022\/11\/07\/appel-a-candidature-doctorat\/#breadcrumb"},"inLanguage":"fr-FR","potentialAction":[{"@type":"ReadAction","target":["https:\/\/web.umons.ac.be\/spcn\/2022\/11\/07\/appel-a-candidature-doctorat\/"]}]},{"@type":"BreadcrumbList","@id":"https:\/\/web.umons.ac.be\/spcn\/2022\/11\/07\/appel-a-candidature-doctorat\/#breadcrumb","itemListElement":[{"@type":"ListItem","position":1,"name":"Home","item":"https:\/\/web.umons.ac.be\/spcn\/"},{"@type":"ListItem","position":2,"name":"Appel \u00e0 candidature doctorat"}]},{"@type":"WebSite","@id":"https:\/\/web.umons.ac.be\/spcn\/#website","url":"https:\/\/web.umons.ac.be\/spcn\/","name":"Service \/ FPSE - Psychologie cognitive et Neuropsychologie","description":"","potentialAction":[{"@type":"SearchAction","target":{"@type":"EntryPoint","urlTemplate":"https:\/\/web.umons.ac.be\/spcn\/?s={search_term_string}"},"query-input":{"@type":"PropertyValueSpecification","valueRequired":true,"valueName":"search_term_string"}}],"inLanguage":"fr-FR"},{"@type":"Person","@id":"https:\/\/web.umons.ac.be\/spcn\/#\/schema\/person\/42f466ef43142de07fe1f71530cc44c3","name":"Sandra Invernizzi","image":{"@type":"ImageObject","inLanguage":"fr-FR","@id":"https:\/\/secure.gravatar.com\/avatar\/43cf9089d86bfbda6c1df1df1cd7fadf8caa996970c9805a5d468043f9959ca8?s=96&d=mm&r=g","url":"https:\/\/secure.gravatar.com\/avatar\/43cf9089d86bfbda6c1df1df1cd7fadf8caa996970c9805a5d468043f9959ca8?s=96&d=mm&r=g","contentUrl":"https:\/\/secure.gravatar.com\/avatar\/43cf9089d86bfbda6c1df1df1cd7fadf8caa996970c9805a5d468043f9959ca8?s=96&d=mm&r=g","caption":"Sandra Invernizzi"},"url":"https:\/\/web.umons.ac.be\/spcn\/author\/sinvernizzi\/"}]}},"lang":"fr","translations":{"fr":970},"pll_sync_post":[],"_links":{"self":[{"href":"https:\/\/web.umons.ac.be\/spcn\/wp-json\/wp\/v2\/posts\/970","targetHints":{"allow":["GET"]}}],"collection":[{"href":"https:\/\/web.umons.ac.be\/spcn\/wp-json\/wp\/v2\/posts"}],"about":[{"href":"https:\/\/web.umons.ac.be\/spcn\/wp-json\/wp\/v2\/types\/post"}],"author":[{"embeddable":true,"href":"https:\/\/web.umons.ac.be\/spcn\/wp-json\/wp\/v2\/users\/127"}],"replies":[{"embeddable":true,"href":"https:\/\/web.umons.ac.be\/spcn\/wp-json\/wp\/v2\/comments?post=970"}],"version-history":[{"count":3,"href":"https:\/\/web.umons.ac.be\/spcn\/wp-json\/wp\/v2\/posts\/970\/revisions"}],"predecessor-version":[{"id":974,"href":"https:\/\/web.umons.ac.be\/spcn\/wp-json\/wp\/v2\/posts\/970\/revisions\/974"}],"wp:attachment":[{"href":"https:\/\/web.umons.ac.be\/spcn\/wp-json\/wp\/v2\/media?parent=970"}],"wp:term":[{"taxonomy":"category","embeddable":true,"href":"https:\/\/web.umons.ac.be\/spcn\/wp-json\/wp\/v2\/categories?post=970"},{"taxonomy":"post_tag","embeddable":true,"href":"https:\/\/web.umons.ac.be\/spcn\/wp-json\/wp\/v2\/tags?post=970"}],"curies":[{"name":"wp","href":"https:\/\/api.w.org\/{rel}","templated":true}]}}